{"id":8491,"date":"2024-12-17T00:33:33","date_gmt":"2024-12-17T00:33:33","guid":{"rendered":"https:\/\/infozamoraec.com\/?p=8491"},"modified":"2024-12-17T00:39:51","modified_gmt":"2024-12-17T00:39:51","slug":"estoy-entero-dijo-lula-al-salir-del-hospital-tras-cirugia","status":"publish","type":"post","link":"https:\/\/infozamoraec.com\/index.php\/2024\/12\/17\/estoy-entero-dijo-lula-al-salir-del-hospital-tras-cirugia\/","title":{"rendered":"\u00abEstoy entero\u00bb, dijo Lula al salir del hospital tras cirug\u00eda"},"content":{"rendered":"<p>El presidente brasile\u00f1o, Luiz In\u00e1cio Lula da Silva,\u00a0<a class=\"internal-link\" href=\"https:\/\/www.dw.com\/es\/lula-recibe-alta-hospitalaria-tras-cirug%C3%ADa-por-hemorragia-intracraneal\/a-71062057\" target=\"_blank\" rel=\"noopener\">recibi\u00f3 el alta<\/a>\u00a0y abandon\u00f3 este domingo (15.12.2024) el hospital de Sao Paulo donde convalec\u00eda desde que fue operado el martes de emergencia por una\u00a0<a class=\"internal-link\" href=\"https:\/\/www.dw.com\/es\/lula-se-recupera-tras-cirug%C3%ADa-por-una-hemorragia-intracraneal\/a-71018549\" target=\"_blank\" rel=\"noopener\">hemorragia intracraneal<\/a>.<\/p>\n<p>\u00abEstoy aqu\u00ed entero (&#8230;) volviendo a casa tranquilo\u00bb, dijo el mandatario de 79 a\u00f1os en una rueda de prensa de su equipo m\u00e9dico en el Hospital Sirio-Liban\u00e9s.<\/p>\n<p>Lula fue operado con \u00e9xito el martes 10 de diciembre en Sao Paulo por un hematoma cerca del cerebro derivado de un golpe sufrido hace casi dos meses.<\/p>\n<p>Dos d\u00edas despu\u00e9s se someti\u00f3 a una nueva intervenci\u00f3n complementaria, prevista seg\u00fan los m\u00e9dicos, para minimizar el riesgo de nuevos sangramientos.<\/p>\n<p>El mandatario podr\u00e1 retomar sus actividades, aunque los pr\u00f3ximos 15 d\u00edas ser\u00e1n de \u00abm\u00e1s cuidado\u00bb, dijo en rueda de prensa el cardi\u00f3logo Roberto Kalil.<\/p>\n<p>Lula deber\u00e1 seguir en casa en Sao Paulo hasta el jueves 19 de diciembre, cuando se someter\u00e1 a una tomograf\u00eda de control. Luego podr\u00e1 volver a Brasilia y continuar su agenda de compromisos.<\/p>\n<p>\u00abLa \u00fanica restricci\u00f3n es el ejercicio f\u00edsico\u00bb, dijo Kalil. Otra de sus m\u00e9dicos, Ana Helena Germoglio, afirm\u00f3 que la recuperaci\u00f3n de Lula \u00absuper\u00f3 extremadamente lo esperado\u00bb.<\/p>\n<p>Conocido por su ritmo fren\u00e9tico de trabajo, el referente de la izquierda latinoamericana irrumpi\u00f3 sin aviso en la rueda de prensa y se acerc\u00f3 a los micr\u00f3fonos, caminando sin asistencia junto a su esposa Rosangela &#8216;Janja&#8217; da Silva.<\/p>\n<p>Agradeci\u00f3 a Dios por cuidarlo \u00abtan generosamente\u00bb tras el nuevo incidente, que se suma a un historial de problemas de salud, como un c\u00e1ncer de laringe en 2011 y una operaci\u00f3n de cadera en 2023.<\/p>\n<p>Vest\u00eda una chaqueta y un sombrero para tapar las secuelas de la cirug\u00eda, pero en una entrevista m\u00e1s tarde al canal Globo, el mandatario se descubri\u00f3 la cabeza para mostrar dos curas al frente y detr\u00e1s del cr\u00e1neo.<\/p>\n<p>Aunque se lament\u00f3 de dolores en la cabeza, el casi octogenario afirm\u00f3 tener \u00abla energ\u00eda de un treinta\u00f1ero y la fuerza de un veintea\u00f1ero\u00bb, un lema repetido en su campa\u00f1a.<\/p>\n<p>\u00abNunca pienso que voy a morir, pero tengo miedo, entonces necesito cuidar la disciplina\u00bb, dijo, a\u00f1adiendo que no viajar\u00e1 a la playa para pasar las fiestas de fin de a\u00f1o, un h\u00e1bito de muchos brasile\u00f1os.<\/p>\n<p>Y confirm\u00f3 que podr\u00e1 realizar su pr\u00f3ximo viaje internacional planeado, una visita a Jap\u00f3n en marzo.<\/p>\n<h2>\u00abConfieso que me asust\u00e9\u00bb<\/h2>\n<p>La emergencia m\u00e9dica de Lula comenz\u00f3 el lunes cuando se quej\u00f3 de dolores de cabeza. \u00abYo sent\u00eda que mis pasos se ralentizaban, ten\u00eda los ojos enrojecidos y mucho sue\u00f1o\u00bb, dijo a los periodistas.<\/p>\n<p>Luego de que una tomograf\u00eda detect\u00f3 una \u00abhemorragia intracraneal\u00bb fue trasladado de emergencia al Hospital Sirio-Liban\u00e9s, el mejor centro de salud del pa\u00eds.<\/p>\n<p>\u00abConfieso que me asust\u00e9 por el volumen de crecimiento del l\u00edquido en mi cabeza. Qued\u00e9 preocupado por la urgencia\u00bb de llevarlo al hospital, dijo el presidente.<\/p>\n<p>La situaci\u00f3n era \u00abextremadamente grave\u00bb, dijo el m\u00e9dico Roberto Kalil al canal Globo. \u00abExist\u00eda el riesgo de que sucediera lo peor\u00bb.<\/p>\n<p>La hemorragia que oblig\u00f3 a su hospitalizaci\u00f3n es producto de la ca\u00edda que sufri\u00f3 el 19 de octubre, en la que se golpe\u00f3 la parte trasera de la cabeza.<\/p>\n<p>El accidente ocurri\u00f3 cuando se cortaba las u\u00f1as de las manos sentado sobre un banco en el ba\u00f1o de la residencia presidencial en Brasilia, detall\u00f3 este domingo, se\u00f1alando que el golpe le hizo \u00abbastante da\u00f1o\u00bb en la cabeza.<\/p>\n<p>En las semanas siguientes, cancel\u00f3 viajes al exterior, pero mantuvo sus compromisos en Brasil y el 18 y 19 de noviembre fue anfitri\u00f3n de la cumbre del G20 en R\u00edo de Janeiro.<\/p>\n<p>Su hospitalizaci\u00f3n esta semana, sin embargo, gener\u00f3 dudas sobre la capacidad de Lula para atender los asuntos p\u00fablicos e incluso la posibilidad de concurrir nuevamente a las presidenciales en 2026.<\/p>\n<p>Buscando cortar de frente esas especulaciones, hizo declaraciones pol\u00edticas a\u00fan en el hospital, comparando el gobierno de su antecesor, el Jair Bolsonaro (2019-2022), a una \u00abplaga de langostas\u00bb.<\/p>\n<p>Tambi\u00e9n denunci\u00f3 al general\u00a0<a class=\"internal-link\" href=\"https:\/\/www.dw.com\/es\/detenido-exministro-de-bolsonaro-en-investigaci%C3%B3n-por-trama-golpista\/a-71058817\" target=\"_blank\" rel=\"noopener\">Walter Braga Netto<\/a>, exministro y aliado de Bolsonaro, que fue detenido el s\u00e1bado en una investigaci\u00f3n, que involucra al exmandatario y otros aliados, sobre una supuesta tentativa de golpe de Estado para impedir la asunci\u00f3n del izquierdista.<\/p>\n<p>Si son hallados culpables \u00abdeber\u00e1n ser castigados severamente\u00bb, afirm\u00f3 Lula.<\/p>\n<p>mg (afp, correio brasiliense)<\/p>\n","protected":false},"excerpt":{"rendered":"<p>El presidente brasile\u00f1o, Luiz In\u00e1cio Lula da Silva,\u00a0recibi\u00f3 el alta\u00a0y abandon\u00f3 este domingo (15.12.2024) el hospital de Sao Paulo donde convalec\u00eda desde que fue operado el martes de emergencia por una\u00a0hemorragia intracraneal. \u00abEstoy aqu\u00ed entero (&#8230;) volviendo a casa tranquilo\u00bb, dijo el mandatario de 79 a\u00f1os en una rueda de prensa de su equipo m\u00e9dico [&hellip;]<\/p>\n","protected":false},"author":1,"featured_media":8492,"comment_status":"open","ping_status":"open","sticky":false,"template":"","format":"standard","meta":{"footnotes":""},"categories":[8],"tags":[],"_links":{"self":[{"href":"https:\/\/infozamoraec.com\/index.php\/wp-json\/wp\/v2\/posts\/8491"}],"collection":[{"href":"https:\/\/infozamoraec.com\/index.php\/wp-json\/wp\/v2\/posts"}],"about":[{"href":"https:\/\/infozamoraec.com\/index.php\/wp-json\/wp\/v2\/types\/post"}],"author":[{"embeddable":true,"href":"https:\/\/infozamoraec.com\/index.php\/wp-json\/wp\/v2\/users\/1"}],"replies":[{"embeddable":true,"href":"https:\/\/infozamoraec.com\/index.php\/wp-json\/wp\/v2\/comments?post=8491"}],"version-history":[{"count":1,"href":"https:\/\/infozamoraec.com\/index.php\/wp-json\/wp\/v2\/posts\/8491\/revisions"}],"predecessor-version":[{"id":8493,"href":"https:\/\/infozamoraec.com\/index.php\/wp-json\/wp\/v2\/posts\/8491\/revisions\/8493"}],"wp:featuredmedia":[{"embeddable":true,"href":"https:\/\/infozamoraec.com\/index.php\/wp-json\/wp\/v2\/media\/8492"}],"wp:attachment":[{"href":"https:\/\/infozamoraec.com\/index.php\/wp-json\/wp\/v2\/media?parent=8491"}],"wp:term":[{"taxonomy":"category","embeddable":true,"href":"https:\/\/infozamoraec.com\/index.php\/wp-json\/wp\/v2\/categories?post=8491"},{"taxonomy":"post_tag","embeddable":true,"href":"https:\/\/infozamoraec.com\/index.php\/wp-json\/wp\/v2\/tags?post=8491"}],"curies":[{"name":"wp","href":"https:\/\/api.w.org\/{rel}","templated":true}]}}