{"id":8479,"date":"2024-12-17T00:20:47","date_gmt":"2024-12-17T00:20:47","guid":{"rendered":"https:\/\/infozamoraec.com\/?p=8479"},"modified":"2024-12-17T00:20:47","modified_gmt":"2024-12-17T00:20:47","slug":"central-de-toachi-pilaton-ingenieros-trabajaron-todos-los-dias-para-acelerar-los-trabajos","status":"publish","type":"post","link":"https:\/\/infozamoraec.com\/index.php\/2024\/12\/17\/central-de-toachi-pilaton-ingenieros-trabajaron-todos-los-dias-para-acelerar-los-trabajos\/","title":{"rendered":"Central de Toachi Pilat\u00f3n: Ingenieros trabajaron todos los d\u00edas para acelerar los trabajos"},"content":{"rendered":"<p>Ingenieros trabajaron todos los d\u00edas para acelerar los trabajos. Todos los recursos t\u00e9cnicos que dispone la compa\u00f1\u00eda se desplegaron, tomando en cuenta la situ<\/p>\n<p>Desde el s\u00e1bado 14 de diciembre \u201cpr\u00e1cticamente\u201d una de las tres turbinas de la hidroel\u00e9ctrica Alluriqu\u00edn del complejo Toachi Pilat\u00f3n ya est\u00e1 entregando energ\u00eda al Sistema Nacional Interconectado (SNI).<\/p>\n<p>As\u00ed lo indic\u00f3 Azat Zatikov, apoderado general de la empresa Tyazhmash, este lunes, 16 de noviembre, durante el acto que realiz\u00f3 el Gobierno para el inicio oficial de operaci\u00f3n de la turbina, que estuvo presidido por la ministra de Energ\u00eda y Minas (e), In\u00e9s Manzano.<\/p>\n<p>Zatikov indic\u00f3 que si bien para que sea m\u00e1s formal la incorporaci\u00f3n de la energ\u00eda se deben realizar unos tr\u00e1mites entre la Corporaci\u00f3n El\u00e9ctrica del Ecuador (Celec), el Operador Nacional de Electricidad (Cenace), la Agencia de Regulaci\u00f3n y Control de Electricidad (Arconel) y la empresa que representa, \u201cpr\u00e1cticamente desde antes de ayer la electricidad est\u00e1 llegando al SNI\u201d.<\/p>\n<p>La ministra Manzano explic\u00f3 que la operaci\u00f3n de la turbina se inici\u00f3 con la sincronizaci\u00f3n de la energ\u00eda de esta central con el SNI, y una vez estable se realizar\u00e1 la entrega comercial.<\/p>\n<p>La funcionaria se\u00f1al\u00f3 que \u201ceste logro aporta 68 megavatios (MW) adicionales al sistema el\u00e9ctrico nacional, marcando un paso firme hacia la seguridad energ\u00e9tica\u201d.<\/p>\n<p>Asimismo, a\u00f1adi\u00f3 que \u201ceste proyecto que estuvo detenido por m\u00e1s de catorce a\u00f1os es una realidad, gracias al liderazgo del presidente Daniel Noboa y al esfuerzo conjunto del Gobierno, Celec, el Cuerpo de Ingenieros del Ej\u00e9rcito y la contratista Tyazhmash\u201d.<\/p>\n<p>Zatikov explic\u00f3 que para acelerar los trabajos en la central desplegaron todos los recursos t\u00e9cnicos que dispone la compa\u00f1\u00eda, tomando en cuenta por la situaci\u00f3n que atraviesa el pa\u00eds, incluso dijo que varios de los ingenieros trabajaron todos los d\u00edas, sin fines de semana libre ni vacaciones. \u201cCreo que hoy podemos darles un par de d\u00edas de descanso, de verdad que hemos puesto todo (sobre) la mesa de nuestra tecnolog\u00eda, de nuestros recursos para tener todo lo que tenemos por ahora y ya culminar y poner en marcha Alluriqu\u00edn lo m\u00e1s pronto posible\u201d, dijo.<\/p>\n<p>La ministra tambi\u00e9n resalt\u00f3 que la gesti\u00f3n comenz\u00f3 con el ministro de Transporte y Obras P\u00fablicas, Roberto Luque, quien tambi\u00e9n se desempe\u00f1\u00f3 como ministro encargado de la cartera de Energ\u00eda y Minas tras la salida de Andrea Arrobo en abril pasado. \u201c\u00c9l ha sido el que ha estado detr\u00e1s de esto, al equipo de Celec y al viceministro de Electricidad y Energ\u00eda Renovable, Fabi\u00e1n Calero\u201d.<\/p>\n<p>Seg\u00fan el viceministro, la sincronizaci\u00f3n consisti\u00f3 en hacer coincidir los par\u00e1metros del generador el\u00e9ctrico con los del SNI. Estos son voltaje, frecuencia, \u00e1ngulo de fase, secuencia de fase y forma de onda, y tras la sincronizaci\u00f3n, esta central inici\u00f3 con la entrega de los 68 MW. Este proceso continuar\u00e1 durante los pr\u00f3ximos d\u00edas hasta lograr estabilidad y confiabilidad en su operaci\u00f3n.<\/p>\n<p>La unidad que se encendi\u00f3 en Alluriqu\u00edn es la primera de tres que entrar\u00e1n en funcionamiento hasta enero de 2025 para aportar 204 megavatios, seg\u00fan explic\u00f3 Manzano.<\/p>\n<p>El complejo est\u00e1 integrado por las hidroel\u00e9ctricas Alluquir\u00edn, cuya capacidad de generaci\u00f3n es de 204 MW; Sarapullo, 49 MW; y una minicentral de 1,4 MW, en total, 254,4 MW de potencia instalada.<\/p>\n<p>La ministra Manzano adelant\u00f3 que la segunda turbina de Alluriqu\u00edn comenzar\u00e1 operaciones tambi\u00e9n en este mes y la tercera ser\u00e1 en enero. \u201cEl pr\u00f3ximo febrero con la puesta en marcha de las dos unidades restantes&#8230; de hecho, una va a entrar ahora en diciembre. Hemos adelantado los tiempos, esperemos que sea hasta enero que tengamos las tres unidades y con estas tres unidades tendr\u00edamos la potencia instalada de 254,4 megavatios (del complejo Toachi-Pilat\u00f3n en total)\u201d, afirm\u00f3 Manzano durante el encendido de la turbina.<\/p>\n<p>A\u00f1adi\u00f3 que la energ\u00eda generada en esta central beneficiar\u00e1 directamente a las provincias de Pichincha, Santo Domingo de los Ts\u00e1chilas y Cotopaxi. Adem\u00e1s indic\u00f3 que este proyecto evitar\u00e1 la emisi\u00f3n de 430.000 toneladas de CO\u2082 al a\u00f1o, aline\u00e1ndose con los compromisos globales de sostenibilidad.<\/p>\n","protected":false},"excerpt":{"rendered":"<p>Ingenieros trabajaron todos los d\u00edas para acelerar los trabajos. Todos los recursos t\u00e9cnicos que dispone la compa\u00f1\u00eda se desplegaron, tomando en cuenta la situ Desde el s\u00e1bado 14 de diciembre \u201cpr\u00e1cticamente\u201d una de las tres turbinas de la hidroel\u00e9ctrica Alluriqu\u00edn del complejo Toachi Pilat\u00f3n ya est\u00e1 entregando energ\u00eda al Sistema Nacional Interconectado (SNI). As\u00ed lo [&hellip;]<\/p>\n","protected":false},"author":1,"featured_media":8480,"comment_status":"open","ping_status":"open","sticky":false,"template":"","format":"standard","meta":{"footnotes":""},"categories":[12],"tags":[],"_links":{"self":[{"href":"https:\/\/infozamoraec.com\/index.php\/wp-json\/wp\/v2\/posts\/8479"}],"collection":[{"href":"https:\/\/infozamoraec.com\/index.php\/wp-json\/wp\/v2\/posts"}],"about":[{"href":"https:\/\/infozamoraec.com\/index.php\/wp-json\/wp\/v2\/types\/post"}],"author":[{"embeddable":true,"href":"https:\/\/infozamoraec.com\/index.php\/wp-json\/wp\/v2\/users\/1"}],"replies":[{"embeddable":true,"href":"https:\/\/infozamoraec.com\/index.php\/wp-json\/wp\/v2\/comments?post=8479"}],"version-history":[{"count":1,"href":"https:\/\/infozamoraec.com\/index.php\/wp-json\/wp\/v2\/posts\/8479\/revisions"}],"predecessor-version":[{"id":8481,"href":"https:\/\/infozamoraec.com\/index.php\/wp-json\/wp\/v2\/posts\/8479\/revisions\/8481"}],"wp:featuredmedia":[{"embeddable":true,"href":"https:\/\/infozamoraec.com\/index.php\/wp-json\/wp\/v2\/media\/8480"}],"wp:attachment":[{"href":"https:\/\/infozamoraec.com\/index.php\/wp-json\/wp\/v2\/media?parent=8479"}],"wp:term":[{"taxonomy":"category","embeddable":true,"href":"https:\/\/infozamoraec.com\/index.php\/wp-json\/wp\/v2\/categories?post=8479"},{"taxonomy":"post_tag","embeddable":true,"href":"https:\/\/infozamoraec.com\/index.php\/wp-json\/wp\/v2\/tags?post=8479"}],"curies":[{"name":"wp","href":"https:\/\/api.w.org\/{rel}","templated":true}]}}