{"id":8436,"date":"2024-12-13T01:12:49","date_gmt":"2024-12-13T01:12:49","guid":{"rendered":"https:\/\/infozamoraec.com\/?p=8436"},"modified":"2024-12-13T01:12:49","modified_gmt":"2024-12-13T01:12:49","slug":"crimenes-en-ecuador-se-reducen-un-17-segun-el-gobierno","status":"publish","type":"post","link":"https:\/\/infozamoraec.com\/index.php\/2024\/12\/13\/crimenes-en-ecuador-se-reducen-un-17-segun-el-gobierno\/","title":{"rendered":"Cr\u00edmenes en Ecuador se reducen un 17% seg\u00fan el Gobierno"},"content":{"rendered":"<p>urante una rueda de prensa dada huy, 12 de diciembre de 2024, el Bloque de Seguridad di\u00f3 el saldo de muertes violentas y cr\u00edmenes en Ecuador desde enero a la fecha, pr\u00f3xima a cerrar el 2024.<\/p>\n<p>As\u00ed, una de las conclusiones de las autoridades es que hubo una rendici\u00f3n del 17% de cr\u00edmenes frente al 2023.<\/p>\n<p>Es decir, se pas\u00f3 de 7 687 a 6 395 homicidios intencionales en este mismo per\u00edodo.<\/p>\n<p>Las autoridades detallaron que En Manta, luego de la intervenci\u00f3n del Bloque de Seguridad, entre el 6 de junio y 8 de diciembre hay una reducci\u00f3n del 32% en los homicidios intencionales.<\/p>\n<p>Por otro lado, en Dur\u00e1n, desde la intervenci\u00f3n del Bloque de Seguridad, del 1 de julio al 8 de diciembre de 2024 hay una reducci\u00f3n consolidada del 37% de los homicidios intencionales. Esto repercute en la disminuci\u00f3n de la violencia registrada en las calles del cant\u00f3n, sostuvo el ministro de Defensa, Gian Carlo Loffredo.<\/p>\n<p>As\u00ed mismo, el viceministro del Interior subrogante, Lyonel Calder\u00f3n,\u00a0agreg\u00f3, respecto a la droga incautada, por medio de operativos ente la Polic\u00eda y de FF.AA., en un per\u00edodo entre el 1 de enero y el 8 de diciembre, se decomisaron 278 toneladas de droga. Esta es una cifra hist\u00f3rica ya que representa un 28% m\u00e1s con relaci\u00f3n a lo incautado en ese per\u00edodo de 2023.<\/p>\n","protected":false},"excerpt":{"rendered":"<p>urante una rueda de prensa dada huy, 12 de diciembre de 2024, el Bloque de Seguridad di\u00f3 el saldo de muertes violentas y cr\u00edmenes en Ecuador desde enero a la fecha, pr\u00f3xima a cerrar el 2024. As\u00ed, una de las conclusiones de las autoridades es que hubo una rendici\u00f3n del 17% de cr\u00edmenes frente al [&hellip;]<\/p>\n","protected":false},"author":1,"featured_media":8437,"comment_status":"open","ping_status":"open","sticky":false,"template":"","format":"standard","meta":{"footnotes":""},"categories":[12],"tags":[],"_links":{"self":[{"href":"https:\/\/infozamoraec.com\/index.php\/wp-json\/wp\/v2\/posts\/8436"}],"collection":[{"href":"https:\/\/infozamoraec.com\/index.php\/wp-json\/wp\/v2\/posts"}],"about":[{"href":"https:\/\/infozamoraec.com\/index.php\/wp-json\/wp\/v2\/types\/post"}],"author":[{"embeddable":true,"href":"https:\/\/infozamoraec.com\/index.php\/wp-json\/wp\/v2\/users\/1"}],"replies":[{"embeddable":true,"href":"https:\/\/infozamoraec.com\/index.php\/wp-json\/wp\/v2\/comments?post=8436"}],"version-history":[{"count":1,"href":"https:\/\/infozamoraec.com\/index.php\/wp-json\/wp\/v2\/posts\/8436\/revisions"}],"predecessor-version":[{"id":8438,"href":"https:\/\/infozamoraec.com\/index.php\/wp-json\/wp\/v2\/posts\/8436\/revisions\/8438"}],"wp:featuredmedia":[{"embeddable":true,"href":"https:\/\/infozamoraec.com\/index.php\/wp-json\/wp\/v2\/media\/8437"}],"wp:attachment":[{"href":"https:\/\/infozamoraec.com\/index.php\/wp-json\/wp\/v2\/media?parent=8436"}],"wp:term":[{"taxonomy":"category","embeddable":true,"href":"https:\/\/infozamoraec.com\/index.php\/wp-json\/wp\/v2\/categories?post=8436"},{"taxonomy":"post_tag","embeddable":true,"href":"https:\/\/infozamoraec.com\/index.php\/wp-json\/wp\/v2\/tags?post=8436"}],"curies":[{"name":"wp","href":"https:\/\/api.w.org\/{rel}","templated":true}]}}