{"id":84,"date":"2024-01-28T18:26:45","date_gmt":"2024-01-28T18:26:45","guid":{"rendered":"https:\/\/infozamoraec.com\/?p=84"},"modified":"2024-01-28T18:26:45","modified_gmt":"2024-01-28T18:26:45","slug":"ministerio-de-la-mujer-anuncia-medidas-de-proteccion-en-favor-de-joven-captada-en-video-en-orellana","status":"publish","type":"post","link":"https:\/\/infozamoraec.com\/index.php\/2024\/01\/28\/ministerio-de-la-mujer-anuncia-medidas-de-proteccion-en-favor-de-joven-captada-en-video-en-orellana\/","title":{"rendered":"Ministerio de la Mujer anuncia medidas de protecci\u00f3n en favor de joven captada en video, en Orellana"},"content":{"rendered":"\n<p>Ante la publicaci\u00f3n de un video en el que se ve a dos agentes municipales de la provincia de Orellana, en la Amazon\u00eda, agredir f\u00edsicamente a una mujer, el Ministerio de la Mujer y Derechos Humanos emiti\u00f3 un comunicado en el que anunci\u00f3 acciones en favor de la v\u00edctima.<\/p>\n\n\n\n<p>Un equipo t\u00e9cnico brind\u00f3 contenci\u00f3n emocional y primeros auxilios psicol\u00f3gicos a la mujer agredida, se indic\u00f3. Ella y sus hijos fueron trasladados a un lugar seguro por la vulnerabilidad que tienen.<\/p>\n\n\n\n<p>En el video, dos agentes municipales sometieron en el suelo a una mujer a la que le reclamaban por un aparente robo. Uno de los uniformados la sostuvo del cabello y el otro le dio una cachetada.<\/p>\n\n\n\n<p>\u201cTienes que saber a qui\u00e9n le robas\u201d, le dijo entre insultos, mientras la mujer intentaba reponerse sin poder hacerlo, pues quien agarraba su cabello se lo imped\u00eda.<\/p>\n\n\n\n<p>\u201cYo lo quiero a tu marido, ll\u00e1malo a tu marido\u201d, le insist\u00eda el uniformado tras abofetearla, pero la mujer respondi\u00f3 entre llanto que no sab\u00eda nada, que no lo tiene en Facebook, porque \u00e9l ya la ha bloqueado.<\/p>\n\n\n\n<p>Al final del video la mujer fue trasladada en una motocicleta conducida por un hombre vestido de civil y en la parte de atr\u00e1s iba uno de los agentes. Entre los golpes que segu\u00eda recibiendo, una mujer gritaba pidiendo que dejaran de golpearla.<\/p>\n\n\n\n<p>En el comunicado del Ministerio de la Mujer se exhort\u00f3 a la Alcald\u00eda de Francisco de Orellana a tomar acciones inmediatas para que dichos hechos no se repitan. Se dispuso a su personal para brindar trabajo de sensibilizaci\u00f3n al personal municipal.<\/p>\n\n\n\n<p>De momento desde el Municipio de Orellana informaron que los agentes ser\u00e1n separados de la instituci\u00f3n a la que pertenecen.&nbsp;<strong>(I)<\/strong><\/p>\n","protected":false},"excerpt":{"rendered":"<p>Ante la publicaci\u00f3n de un video en el que se ve a dos agentes municipales de la provincia de Orellana, en la Amazon\u00eda, agredir f\u00edsicamente a una mujer, el Ministerio de la Mujer y Derechos Humanos emiti\u00f3 un comunicado en el que anunci\u00f3 acciones en favor de la v\u00edctima. Un equipo t\u00e9cnico brind\u00f3 contenci\u00f3n emocional [&hellip;]<\/p>\n","protected":false},"author":1,"featured_media":85,"comment_status":"open","ping_status":"open","sticky":false,"template":"","format":"standard","meta":{"footnotes":""},"categories":[12],"tags":[],"_links":{"self":[{"href":"https:\/\/infozamoraec.com\/index.php\/wp-json\/wp\/v2\/posts\/84"}],"collection":[{"href":"https:\/\/infozamoraec.com\/index.php\/wp-json\/wp\/v2\/posts"}],"about":[{"href":"https:\/\/infozamoraec.com\/index.php\/wp-json\/wp\/v2\/types\/post"}],"author":[{"embeddable":true,"href":"https:\/\/infozamoraec.com\/index.php\/wp-json\/wp\/v2\/users\/1"}],"replies":[{"embeddable":true,"href":"https:\/\/infozamoraec.com\/index.php\/wp-json\/wp\/v2\/comments?post=84"}],"version-history":[{"count":1,"href":"https:\/\/infozamoraec.com\/index.php\/wp-json\/wp\/v2\/posts\/84\/revisions"}],"predecessor-version":[{"id":86,"href":"https:\/\/infozamoraec.com\/index.php\/wp-json\/wp\/v2\/posts\/84\/revisions\/86"}],"wp:featuredmedia":[{"embeddable":true,"href":"https:\/\/infozamoraec.com\/index.php\/wp-json\/wp\/v2\/media\/85"}],"wp:attachment":[{"href":"https:\/\/infozamoraec.com\/index.php\/wp-json\/wp\/v2\/media?parent=84"}],"wp:term":[{"taxonomy":"category","embeddable":true,"href":"https:\/\/infozamoraec.com\/index.php\/wp-json\/wp\/v2\/categories?post=84"},{"taxonomy":"post_tag","embeddable":true,"href":"https:\/\/infozamoraec.com\/index.php\/wp-json\/wp\/v2\/tags?post=84"}],"curies":[{"name":"wp","href":"https:\/\/api.w.org\/{rel}","templated":true}]}}