{"id":8399,"date":"2024-12-12T00:26:00","date_gmt":"2024-12-12T00:26:00","guid":{"rendered":"https:\/\/infozamoraec.com\/?p=8399"},"modified":"2024-12-12T00:26:00","modified_gmt":"2024-12-12T00:26:00","slug":"inflacion-sigue-cayendo-en-argentina-a-24-en-noviembre","status":"publish","type":"post","link":"https:\/\/infozamoraec.com\/index.php\/2024\/12\/12\/inflacion-sigue-cayendo-en-argentina-a-24-en-noviembre\/","title":{"rendered":"Inflaci\u00f3n sigue cayendo en Argentina, a 2,4% en noviembre"},"content":{"rendered":"<p>La inflaci\u00f3n en\u00a0<a class=\"internal-link\" href=\"https:\/\/www.dw.com\/es\/argentina\/t-17411654\" target=\"_blank\" rel=\"noopener\">Argentina<\/a>\u00a0sigui\u00f3 cayendo en noviembre y se ubic\u00f3 en 2,4% mensual y 166% interanual, seg\u00fan cifras oficiales divulgadas este mi\u00e9rcoles (11.12.2024), un d\u00eda despu\u00e9s de que el presidente\u00a0<a class=\"internal-link\" href=\"https:\/\/www.dw.com\/es\/milei-javier\/t-67510223\" target=\"_blank\" rel=\"noopener\">Javier Milei<\/a>\u00a0prometiera que pronto\u00a0<a class=\"internal-link\" href=\"https:\/\/www.dw.com\/es\/milei-promete-que-inflaci%C3%B3n-ser%C3%A1-un-mal-recuerdo-en-argentina\/a-71018003\" target=\"_blank\" rel=\"noopener\">este flagelo ser\u00eda un \u00abmal recuerdo\u00bb<\/a>.<\/p>\n<p>El Instituto Nacional de Estad\u00edsticas y Censos (Indec) precis\u00f3 que por segundo mes consecutivo el aumento de precios se ubic\u00f3 en menos de 3%. El dato mensual de noviembre es el m\u00e1s bajo desde julio de 2020, cuando marc\u00f3 1,9%.<\/p>\n<p>El n\u00famero estuvo impulsado principalmente por el rubro educaci\u00f3n (5,1%) y por los aumentos de precio de servicios que se enmarcan en el rubro vivienda, agua, electricidad, gas y otros combustibles (4,5%).<\/p>\n<p>Por su parte, el rubro de alimentos y bebidas no alcoh\u00f3licas se posicion\u00f3 como el de menor crecimiento, con un leve aumento de 0,9%.<\/p>\n<p>Lo cierto es que Milei puede exhibir un desplome de la inflaci\u00f3n desde 25,5% en diciembre pasado, cuando devalu\u00f3 la moneda 52% hasta un d\u00edgito.<\/p>\n<p>\u00abEstamos cada d\u00eda m\u00e1s cerca de que la inflaci\u00f3n sea poco m\u00e1s que un mal recuerdo\u00bb, dijo Milei el martes en un discurso por cadena nacional al cumplirse un a\u00f1o de su gobierno.<\/p>\n<p>rr (afp\/la naci\u00f3n\/clar\u00edn)<\/p>\n","protected":false},"excerpt":{"rendered":"<p>La inflaci\u00f3n en\u00a0Argentina\u00a0sigui\u00f3 cayendo en noviembre y se ubic\u00f3 en 2,4% mensual y 166% interanual, seg\u00fan cifras oficiales divulgadas este mi\u00e9rcoles (11.12.2024), un d\u00eda despu\u00e9s de que el presidente\u00a0Javier Milei\u00a0prometiera que pronto\u00a0este flagelo ser\u00eda un \u00abmal recuerdo\u00bb. El Instituto Nacional de Estad\u00edsticas y Censos (Indec) precis\u00f3 que por segundo mes consecutivo el aumento de precios [&hellip;]<\/p>\n","protected":false},"author":1,"featured_media":8400,"comment_status":"open","ping_status":"open","sticky":false,"template":"","format":"standard","meta":{"footnotes":""},"categories":[8],"tags":[],"_links":{"self":[{"href":"https:\/\/infozamoraec.com\/index.php\/wp-json\/wp\/v2\/posts\/8399"}],"collection":[{"href":"https:\/\/infozamoraec.com\/index.php\/wp-json\/wp\/v2\/posts"}],"about":[{"href":"https:\/\/infozamoraec.com\/index.php\/wp-json\/wp\/v2\/types\/post"}],"author":[{"embeddable":true,"href":"https:\/\/infozamoraec.com\/index.php\/wp-json\/wp\/v2\/users\/1"}],"replies":[{"embeddable":true,"href":"https:\/\/infozamoraec.com\/index.php\/wp-json\/wp\/v2\/comments?post=8399"}],"version-history":[{"count":1,"href":"https:\/\/infozamoraec.com\/index.php\/wp-json\/wp\/v2\/posts\/8399\/revisions"}],"predecessor-version":[{"id":8401,"href":"https:\/\/infozamoraec.com\/index.php\/wp-json\/wp\/v2\/posts\/8399\/revisions\/8401"}],"wp:featuredmedia":[{"embeddable":true,"href":"https:\/\/infozamoraec.com\/index.php\/wp-json\/wp\/v2\/media\/8400"}],"wp:attachment":[{"href":"https:\/\/infozamoraec.com\/index.php\/wp-json\/wp\/v2\/media?parent=8399"}],"wp:term":[{"taxonomy":"category","embeddable":true,"href":"https:\/\/infozamoraec.com\/index.php\/wp-json\/wp\/v2\/categories?post=8399"},{"taxonomy":"post_tag","embeddable":true,"href":"https:\/\/infozamoraec.com\/index.php\/wp-json\/wp\/v2\/tags?post=8399"}],"curies":[{"name":"wp","href":"https:\/\/api.w.org\/{rel}","templated":true}]}}