{"id":8363,"date":"2024-12-11T01:22:33","date_gmt":"2024-12-11T01:22:33","guid":{"rendered":"https:\/\/infozamoraec.com\/?p=8363"},"modified":"2024-12-11T01:22:33","modified_gmt":"2024-12-11T01:22:33","slug":"wilman-teran-incluye-a-ronny-aleaga-como-testigo-en-el-caso-independencia-judicial","status":"publish","type":"post","link":"https:\/\/infozamoraec.com\/index.php\/2024\/12\/11\/wilman-teran-incluye-a-ronny-aleaga-como-testigo-en-el-caso-independencia-judicial\/","title":{"rendered":"Wilman Ter\u00e1n incluye a Ronny Aleaga como testigo en el caso Independencia Judicial"},"content":{"rendered":"<p>El fallo de Independencia Judicial avanza en la Corte Nacional de Justicia, en Quito, la ma\u00f1ana de este martes 10 de diciembre.<\/p>\n<p>La audiencia se reanud\u00f3 para la presentaci\u00f3n de pruebas por parte de las defensas de los acusados, entre los que se encuentra el ex presidente del Consejo de la Judicatura, Wilman Ter\u00e1n.<\/p>\n<p>Al sexto d\u00eda de la intervenci\u00f3n, alias \u00abDiablo\u00bb inform\u00f3 que\u00a0<strong>\u00abuno de sus elementos probatorios es el testimonio del ex asamble\u00edsta del corre\u00edsmo, Ronny Aleaga\u00bb,<\/strong>\u00a0quien en la actualidad est\u00e1 pr\u00f3fugo de la justicia ecuatoriana.<\/p>\n<p>Luego de su primera condena en el caso Met\u00e1stasis, Wilman Ter\u00e1n inici\u00f3 su segundo juicio el pasado mi\u00e9rcoles, 4 de diciembre. Este proceso se lleva a cabo por interferir en el curso de la justicia en el contexto del caso Independencia Judicial.<\/p>\n<p>La intervenci\u00f3n comenz\u00f3 en la Corte Nacional de Justicia, en Quito, aquella ma\u00f1ana, cuando estuvieron presentes Ter\u00e1n y Maribel Barreno, quienes, junto a Xavier Mu\u00f1oz, integraron la mayor\u00eda en el Pleno de la Judicatura en un controvertido proceso de destituci\u00f3n.<\/p>\n<p>La entidad inici\u00f3 la presentaci\u00f3n de sus pruebas con el testimonio de un abogado que en 2023 trabajaba en la Judicatura. Este relat\u00f3 c\u00f3mo fue llevado a la oficina del presidente en el piso 14 del Consejo de la Judicatura, donde Wilman Ter\u00e1n lo presion\u00f3 para que redactara el proyecto para suspender al juez Mac\u00edas, a pesar de que \u00e9l explic\u00f3 que eso no era posible sin un examen previo de admisi\u00f3n.<\/p>\n<p>En conjunto, la entidad present\u00f3 22 testimonios y 40 documentos, con los cuales conf\u00edan en obtener una resoluci\u00f3n condenatoria. El crimen de interferencia en el sistema judicial puede ser castigado con hasta cinco a\u00f1os de c\u00e1rcel.<\/p>\n","protected":false},"excerpt":{"rendered":"<p>El fallo de Independencia Judicial avanza en la Corte Nacional de Justicia, en Quito, la ma\u00f1ana de este martes 10 de diciembre. La audiencia se reanud\u00f3 para la presentaci\u00f3n de pruebas por parte de las defensas de los acusados, entre los que se encuentra el ex presidente del Consejo de la Judicatura, Wilman Ter\u00e1n. Al [&hellip;]<\/p>\n","protected":false},"author":1,"featured_media":8364,"comment_status":"open","ping_status":"open","sticky":false,"template":"","format":"standard","meta":{"footnotes":""},"categories":[12],"tags":[],"_links":{"self":[{"href":"https:\/\/infozamoraec.com\/index.php\/wp-json\/wp\/v2\/posts\/8363"}],"collection":[{"href":"https:\/\/infozamoraec.com\/index.php\/wp-json\/wp\/v2\/posts"}],"about":[{"href":"https:\/\/infozamoraec.com\/index.php\/wp-json\/wp\/v2\/types\/post"}],"author":[{"embeddable":true,"href":"https:\/\/infozamoraec.com\/index.php\/wp-json\/wp\/v2\/users\/1"}],"replies":[{"embeddable":true,"href":"https:\/\/infozamoraec.com\/index.php\/wp-json\/wp\/v2\/comments?post=8363"}],"version-history":[{"count":1,"href":"https:\/\/infozamoraec.com\/index.php\/wp-json\/wp\/v2\/posts\/8363\/revisions"}],"predecessor-version":[{"id":8365,"href":"https:\/\/infozamoraec.com\/index.php\/wp-json\/wp\/v2\/posts\/8363\/revisions\/8365"}],"wp:featuredmedia":[{"embeddable":true,"href":"https:\/\/infozamoraec.com\/index.php\/wp-json\/wp\/v2\/media\/8364"}],"wp:attachment":[{"href":"https:\/\/infozamoraec.com\/index.php\/wp-json\/wp\/v2\/media?parent=8363"}],"wp:term":[{"taxonomy":"category","embeddable":true,"href":"https:\/\/infozamoraec.com\/index.php\/wp-json\/wp\/v2\/categories?post=8363"},{"taxonomy":"post_tag","embeddable":true,"href":"https:\/\/infozamoraec.com\/index.php\/wp-json\/wp\/v2\/tags?post=8363"}],"curies":[{"name":"wp","href":"https:\/\/api.w.org\/{rel}","templated":true}]}}