{"id":8342,"date":"2024-12-10T00:14:29","date_gmt":"2024-12-10T00:14:29","guid":{"rendered":"https:\/\/infozamoraec.com\/?p=8342"},"modified":"2024-12-10T00:14:29","modified_gmt":"2024-12-10T00:14:29","slug":"venezuela-familias-piden-liberacion-de-presos-en-protestas","status":"publish","type":"post","link":"https:\/\/infozamoraec.com\/index.php\/2024\/12\/10\/venezuela-familias-piden-liberacion-de-presos-en-protestas\/","title":{"rendered":"Venezuela: familias piden liberaci\u00f3n de presos en protestas"},"content":{"rendered":"<p>Un centenar de familiares de detenidos en el marco de protestas poselectorales en\u00a0<a class=\"internal-link\" href=\"https:\/\/www.dw.com\/es\/venezuela\/t-17410652\" target=\"_blank\" rel=\"noopener\">Venezuela<\/a>\u00a0pidieron este lunes (09.12.2024) ante la sede del Ministerio P\u00fablico dar \u00abceleridad\u00bb a la revisi\u00f3n de los casos prometida por el fiscal general Tarek William Saab.<\/p>\n<p>\u00ab\u00a1Libertad!\u00bb, \u00ab\u00a1Boletas de excarcelaci\u00f3n para todos!\u00bb, \u00abNo tenemos miedo\u00bb, gritaban los familiares, muchos de ellos tapando sus rostros con pa\u00f1uelos blancos, mientras firmaban un documento que pide una \u00abrevisi\u00f3n exhaustiva\u00bb de las causas abiertas por acusaciones, incluso de \u00abterrorismo\u00bb.<\/p>\n<p>M\u00e1s de 2.400 personas, entre ellas 164 adolescentes, fueron arrestadas durante protestas contra la\u00a0<a class=\"internal-link\" href=\"https:\/\/www.dw.com\/es\/ente-electoral-de-venezuela-ratifica-victoria-de-maduro-en-elecciones-presidenciales\/a-69844092\" target=\"_blank\" rel=\"noopener\">proclamaci\u00f3n de Nicol\u00e1s Maduro como ganador de las elecciones del pasado 28 de julio<\/a>, entre denuncias de fraude de la oposici\u00f3n.<\/p>\n<p>Tres meses despu\u00e9s, el Saab anunci\u00f3 \u00abmedidas de libertad\u00bb para 225 personas, con la promesa de nuevas revisiones.<\/p>\n<p>La organizaci\u00f3n no gubernamental Foro Penal, dedicada a la defensa de presos pol\u00edticos en Venezuela, registra solo 169 excarcelaciones. El Ministerio P\u00fablico no ha dado nuevos balances.<\/p>\n<p>Las familias, que protestan semanalmente, esperan que sus hijos est\u00e9n en casa para las navidades.\u00a0<a class=\"internal-link\" href=\"https:\/\/www.dw.com\/es\/venezuela-madres-de-presos-denuncian-violaciones-a-dd-hh\/a-70547924\" target=\"_blank\" rel=\"noopener\">Muchas rechazan vinculaciones pol\u00edticas y denuncian torturas y malos tratos a los detenidos<\/a>, as\u00ed como advertencias de las autoridades de retrasos en el avance de los procesos judiciales si hablan p\u00fablicamente de la situaci\u00f3n de sus parientes.<\/p>\n<p>rr (afp\/el nacional)<\/p>\n","protected":false},"excerpt":{"rendered":"<p>Un centenar de familiares de detenidos en el marco de protestas poselectorales en\u00a0Venezuela\u00a0pidieron este lunes (09.12.2024) ante la sede del Ministerio P\u00fablico dar \u00abceleridad\u00bb a la revisi\u00f3n de los casos prometida por el fiscal general Tarek William Saab. \u00ab\u00a1Libertad!\u00bb, \u00ab\u00a1Boletas de excarcelaci\u00f3n para todos!\u00bb, \u00abNo tenemos miedo\u00bb, gritaban los familiares, muchos de ellos tapando sus [&hellip;]<\/p>\n","protected":false},"author":1,"featured_media":8343,"comment_status":"open","ping_status":"open","sticky":false,"template":"","format":"standard","meta":{"footnotes":""},"categories":[8],"tags":[],"_links":{"self":[{"href":"https:\/\/infozamoraec.com\/index.php\/wp-json\/wp\/v2\/posts\/8342"}],"collection":[{"href":"https:\/\/infozamoraec.com\/index.php\/wp-json\/wp\/v2\/posts"}],"about":[{"href":"https:\/\/infozamoraec.com\/index.php\/wp-json\/wp\/v2\/types\/post"}],"author":[{"embeddable":true,"href":"https:\/\/infozamoraec.com\/index.php\/wp-json\/wp\/v2\/users\/1"}],"replies":[{"embeddable":true,"href":"https:\/\/infozamoraec.com\/index.php\/wp-json\/wp\/v2\/comments?post=8342"}],"version-history":[{"count":1,"href":"https:\/\/infozamoraec.com\/index.php\/wp-json\/wp\/v2\/posts\/8342\/revisions"}],"predecessor-version":[{"id":8344,"href":"https:\/\/infozamoraec.com\/index.php\/wp-json\/wp\/v2\/posts\/8342\/revisions\/8344"}],"wp:featuredmedia":[{"embeddable":true,"href":"https:\/\/infozamoraec.com\/index.php\/wp-json\/wp\/v2\/media\/8343"}],"wp:attachment":[{"href":"https:\/\/infozamoraec.com\/index.php\/wp-json\/wp\/v2\/media?parent=8342"}],"wp:term":[{"taxonomy":"category","embeddable":true,"href":"https:\/\/infozamoraec.com\/index.php\/wp-json\/wp\/v2\/categories?post=8342"},{"taxonomy":"post_tag","embeddable":true,"href":"https:\/\/infozamoraec.com\/index.php\/wp-json\/wp\/v2\/tags?post=8342"}],"curies":[{"name":"wp","href":"https:\/\/api.w.org\/{rel}","templated":true}]}}