{"id":8322,"date":"2024-12-09T21:36:12","date_gmt":"2024-12-09T21:36:12","guid":{"rendered":"https:\/\/infozamoraec.com\/?p=8322"},"modified":"2024-12-09T21:36:12","modified_gmt":"2024-12-09T21:36:12","slug":"gad-municipal-de-zamora-inauguro-un-kilometro-de-via-al-norte-del-barrio-el-cristal","status":"publish","type":"post","link":"https:\/\/infozamoraec.com\/index.php\/2024\/12\/09\/gad-municipal-de-zamora-inauguro-un-kilometro-de-via-al-norte-del-barrio-el-cristal\/","title":{"rendered":"GAD Municipal de Zamora inaugur\u00f3 un kil\u00f3metro de v\u00eda al norte del barrio El Cristal"},"content":{"rendered":"<p>El alcalde delc cant\u00f3n Zamora, Manuel Gonz\u00e1lez, acompa\u00f1ado de la vicealcaldesa, concejales y autoridades del GAD Parroquial de La Victoria de Imbana, inauguraron un kil\u00f3metro de v\u00eda al norte del barrio El Cristal.<\/p>\n<p>Esta obra tiene como objetivo mejorar la conectividad para los agricultores y ganaderos de la zona, facilitando el acceso y generando nuevas oportunidades para los moradores.<\/p>\n<p>La inauguraci\u00f3n se llev\u00f3 a cabo en un evento organizado por el GAD Municipal de Zamora, que destac\u00f3 la importancia del desarrollo vial en las comunidades rurales.<\/p>\n<p>El alcalde Manuel Gonz\u00e1lez destac\u00f3\u00a0 el trabajo realizado y reafirm\u00f3 su compromiso de continuar apoyando este tipo de proyectos, especialmente con la nueva maquinaria que est\u00e1 adquiriendo la instituci\u00f3n municipal.<\/p>\n<p>Blanca Carri\u00f3n, vicealcaldesa, expres\u00f3 su apoyo al proyecto vial y resalt\u00f3 la disposici\u00f3n de la c\u00e1mara edilicia para respaldar la iniciativa.<\/p>\n<p>Por su parte, H\u00e9ctor Chal\u00e1n, presidente del GAD Parroquial, detall\u00f3 las gestiones realizadas y subray\u00f3 la necesidad de seguir avanzando en la vialidad rural. Chal\u00e1n tambi\u00e9n comprometi\u00f3 a la instituci\u00f3n municipal a continuar con el desarrollo de este proyecto en 2025.<\/p>\n","protected":false},"excerpt":{"rendered":"<p>El alcalde delc cant\u00f3n Zamora, Manuel Gonz\u00e1lez, acompa\u00f1ado de la vicealcaldesa, concejales y autoridades del GAD Parroquial de La Victoria de Imbana, inauguraron un kil\u00f3metro de v\u00eda al norte del barrio El Cristal. Esta obra tiene como objetivo mejorar la conectividad para los agricultores y ganaderos de la zona, facilitando el acceso y generando nuevas [&hellip;]<\/p>\n","protected":false},"author":1,"featured_media":8324,"comment_status":"open","ping_status":"open","sticky":false,"template":"","format":"standard","meta":{"footnotes":""},"categories":[9],"tags":[],"_links":{"self":[{"href":"https:\/\/infozamoraec.com\/index.php\/wp-json\/wp\/v2\/posts\/8322"}],"collection":[{"href":"https:\/\/infozamoraec.com\/index.php\/wp-json\/wp\/v2\/posts"}],"about":[{"href":"https:\/\/infozamoraec.com\/index.php\/wp-json\/wp\/v2\/types\/post"}],"author":[{"embeddable":true,"href":"https:\/\/infozamoraec.com\/index.php\/wp-json\/wp\/v2\/users\/1"}],"replies":[{"embeddable":true,"href":"https:\/\/infozamoraec.com\/index.php\/wp-json\/wp\/v2\/comments?post=8322"}],"version-history":[{"count":1,"href":"https:\/\/infozamoraec.com\/index.php\/wp-json\/wp\/v2\/posts\/8322\/revisions"}],"predecessor-version":[{"id":8325,"href":"https:\/\/infozamoraec.com\/index.php\/wp-json\/wp\/v2\/posts\/8322\/revisions\/8325"}],"wp:featuredmedia":[{"embeddable":true,"href":"https:\/\/infozamoraec.com\/index.php\/wp-json\/wp\/v2\/media\/8324"}],"wp:attachment":[{"href":"https:\/\/infozamoraec.com\/index.php\/wp-json\/wp\/v2\/media?parent=8322"}],"wp:term":[{"taxonomy":"category","embeddable":true,"href":"https:\/\/infozamoraec.com\/index.php\/wp-json\/wp\/v2\/categories?post=8322"},{"taxonomy":"post_tag","embeddable":true,"href":"https:\/\/infozamoraec.com\/index.php\/wp-json\/wp\/v2\/tags?post=8322"}],"curies":[{"name":"wp","href":"https:\/\/api.w.org\/{rel}","templated":true}]}}