{"id":8317,"date":"2024-12-09T21:40:01","date_gmt":"2024-12-09T21:40:01","guid":{"rendered":"https:\/\/infozamoraec.com\/?p=8317"},"modified":"2024-12-09T21:40:01","modified_gmt":"2024-12-09T21:40:01","slug":"dos-ciudadanos-implicados-en-el-cometimiento-de-diversos-delitos-en-yantzaza-fueron-detenidos","status":"publish","type":"post","link":"https:\/\/infozamoraec.com\/index.php\/2024\/12\/09\/dos-ciudadanos-implicados-en-el-cometimiento-de-diversos-delitos-en-yantzaza-fueron-detenidos\/","title":{"rendered":"Dos ciudadanos implicados en el cometimiento de diversos delitos en Yantzaza fueron detenidos"},"content":{"rendered":"<p>En un exitoso operativo realizado a primeras horas de la ma\u00f1ana, la Polic\u00eda Nacional del Ecuador, a trav\u00e9s del distrito Yantzaza, logr\u00f3 la aprehensi\u00f3n de dos ciudadanos implicados en el cometimiento de diversos delitos en el cant\u00f3n Yantzaza y la provincia. El hecho fue reportado alrededor de las 04:00 horas, cuando un ciudadano, conductor de un taxi, denunci\u00f3 haber sido v\u00edctima de un robo por parte de dos personas mientras realizaba una carrera.<\/p>\n<p>Seg\u00fan el testimonio de la v\u00edctima, al percatarse del robo, aceler\u00f3 el taxi a toda velocidad, y los delincuentes, al verse acorralados, se arrojaron del veh\u00edculo en movimiento. De inmediato, se activaron los protocolos de seguridad y comenz\u00f3 una persecuci\u00f3n policial, logrando localizar a los sospechosos y proceder con su aprehensi\u00f3n.<\/p>\n<p>Aprehendidos:<br \/>\n1. Luis T. (nacionalidad ecuatoriana)<br \/>\nAntecedentes: Tr\u00e1fico de sustancias il\u00edcitas.<br \/>\n2. Jean Q. (nacionalidad ecuatoriana)<br \/>\nAntecedentes:<br \/>\no Tr\u00e1fico de sustancias il\u00edcitas.<br \/>\no Robo.<br \/>\no Tenencia y porte de armas.<\/p>\n<p>En d\u00edas anteriores, los ciudadanos aprehendidos habr\u00edan estado implicados en otros delitos, espec\u00edficamente robos a locales comerciales, seg\u00fan lo registrado por las c\u00e1maras de seguridad de uno de estos establecimientos. Adem\u00e1s, se investiga si los detenidos presuntamente pertenecen al grupo delictivo organizado (GDO) \u00abLos Lobos\u00bb, conocido por su implicaci\u00f3n en diversos actos delictivos en la regi\u00f3n. Las investigaciones contin\u00faan en este sentido para esclarecer su posible participaci\u00f3n en otros il\u00edcitos dentro de la provincia.<\/p>\n<p>La r\u00e1pida y efectiva acci\u00f3n de los agentes policiales permiti\u00f3 la captura de los sospechosos, quienes fueron detenidos sin mayores incidentes. Los aprehendidos fueron puestos a disposici\u00f3n de la autoridad competente, quienes iniciar\u00e1n las investigaciones correspondientes para esclarecer los hechos.<br \/>\nEl se\u00f1or jefe del operativo resalt\u00f3 que \u201cgracias a la pronta reacci\u00f3n de la Polic\u00eda Nacional, se logr\u00f3 neutralizar una amenaza para la seguridad p\u00fablica, y se reafirma el compromiso de la instituci\u00f3n con la protecci\u00f3n de la ciudadan\u00eda\u201d.<\/p>\n<p>La Polic\u00eda Nacional continuar\u00e1 con las investigaciones pertinentes y reforzar\u00e1 las acciones de seguridad en la provincia para prevenir la ocurrencia de delitos. Asimismo, se invita a la comunidad a seguir colaborando con informaci\u00f3n que permita desarticular redes criminales.<\/p>\n","protected":false},"excerpt":{"rendered":"<p>En un exitoso operativo realizado a primeras horas de la ma\u00f1ana, la Polic\u00eda Nacional del Ecuador, a trav\u00e9s del distrito Yantzaza, logr\u00f3 la aprehensi\u00f3n de dos ciudadanos implicados en el cometimiento de diversos delitos en el cant\u00f3n Yantzaza y la provincia. El hecho fue reportado alrededor de las 04:00 horas, cuando un ciudadano, conductor de [&hellip;]<\/p>\n","protected":false},"author":1,"featured_media":8318,"comment_status":"open","ping_status":"open","sticky":false,"template":"","format":"standard","meta":{"footnotes":""},"categories":[9],"tags":[],"_links":{"self":[{"href":"https:\/\/infozamoraec.com\/index.php\/wp-json\/wp\/v2\/posts\/8317"}],"collection":[{"href":"https:\/\/infozamoraec.com\/index.php\/wp-json\/wp\/v2\/posts"}],"about":[{"href":"https:\/\/infozamoraec.com\/index.php\/wp-json\/wp\/v2\/types\/post"}],"author":[{"embeddable":true,"href":"https:\/\/infozamoraec.com\/index.php\/wp-json\/wp\/v2\/users\/1"}],"replies":[{"embeddable":true,"href":"https:\/\/infozamoraec.com\/index.php\/wp-json\/wp\/v2\/comments?post=8317"}],"version-history":[{"count":1,"href":"https:\/\/infozamoraec.com\/index.php\/wp-json\/wp\/v2\/posts\/8317\/revisions"}],"predecessor-version":[{"id":8326,"href":"https:\/\/infozamoraec.com\/index.php\/wp-json\/wp\/v2\/posts\/8317\/revisions\/8326"}],"wp:featuredmedia":[{"embeddable":true,"href":"https:\/\/infozamoraec.com\/index.php\/wp-json\/wp\/v2\/media\/8318"}],"wp:attachment":[{"href":"https:\/\/infozamoraec.com\/index.php\/wp-json\/wp\/v2\/media?parent=8317"}],"wp:term":[{"taxonomy":"category","embeddable":true,"href":"https:\/\/infozamoraec.com\/index.php\/wp-json\/wp\/v2\/categories?post=8317"},{"taxonomy":"post_tag","embeddable":true,"href":"https:\/\/infozamoraec.com\/index.php\/wp-json\/wp\/v2\/tags?post=8317"}],"curies":[{"name":"wp","href":"https:\/\/api.w.org\/{rel}","templated":true}]}}