{"id":8303,"date":"2024-12-07T02:39:06","date_gmt":"2024-12-07T02:39:06","guid":{"rendered":"https:\/\/infozamoraec.com\/?p=8303"},"modified":"2024-12-07T02:39:06","modified_gmt":"2024-12-07T02:39:06","slug":"exmandatarios-daniel-ortega-formaliza-dictadura","status":"publish","type":"post","link":"https:\/\/infozamoraec.com\/index.php\/2024\/12\/07\/exmandatarios-daniel-ortega-formaliza-dictadura\/","title":{"rendered":"Exmandatarios: Daniel Ortega \u00abformaliza dictadura\u00bb"},"content":{"rendered":"<p>Un grupo de 27 exjefes de Estado de\u00a0<a class=\"internal-link\" href=\"https:\/\/www.dw.com\/es\/latinoam%C3%A9rica\/t-43143588\" target=\"_blank\" rel=\"noopener\">Am\u00e9rica Latina<\/a>\u00a0y\u00a0<a class=\"internal-link\" href=\"https:\/\/www.dw.com\/es\/espa%C3%B1a\/t-17411938\" target=\"_blank\" rel=\"noopener\">Espa\u00f1a<\/a>\u00a0conden\u00f3 este viernes (06.12.2024) la reforma constitucional en\u00a0<a class=\"internal-link\" href=\"https:\/\/www.dw.com\/es\/nicaragua\/t-19469056\" target=\"_blank\" rel=\"noopener\">Nicaragua<\/a>\u00a0aprobada en primera legislatura, la cual \u00abadopta un modelo constitucional abiertamente dictatorial\u00bb e implica \u00abun grave retroceso hist\u00f3rico\u00bb.<\/p>\n<p>Los exmandatarios de Estado integrantes de la Iniciativa Democr\u00e1tica de Espa\u00f1a y las Am\u00e9ricas (IDEA) se\u00f1alaron que la reforma aprobada el pasado 22 de noviembre otorga un poder absoluto al presidente de ese pa\u00eds, Daniel Ortega, y a su esposa y vicepresidenta, Rosario Murillo.<\/p>\n<p>Ambos \u00abejercer\u00e1n supremac\u00eda sobre la totalidad de los poderes p\u00fablicos, con inmediata sujeci\u00f3n a esta de la Polic\u00eda Nacional y la posibilidad de su militarizaci\u00f3n a discreci\u00f3n del matrimonio presidencial\u00bb, se\u00f1alaron los exjefes de Gobierno en una declaraci\u00f3n difundida este viernes.<\/p>\n<p>La reforma, manifestaron, supone un \u00abgrave retroceso hist\u00f3rico\u00bb para todos los nicarag\u00fcenses, \u00abal punto que hasta han sido clausuradas las congregaciones religiosas y a sus monjas se les orden\u00f3 abandonar el pa\u00eds\u00bb.<\/p>\n<p>Los firmantes hicieron eco de la doctrina de la Corte Interamericana de Derechos Humanos, seg\u00fan la cual \u00abla separaci\u00f3n de poderes guarda una estrecha relaci\u00f3n, no solo con la consolidaci\u00f3n del r\u00e9gimen democr\u00e1tico, sino adem\u00e1s busca preservar las libertades y derechos humanos de los ciudadanos\u00bb, ya que \u00ablimita el alcance del poder que ejerce cada \u00f3rgano estatal\u00bb.<\/p>\n<h2>Llaman a no normalizar la f\u00e9rrea dictadura de Ortega-Murillo<\/h2>\n<p>Agregaron que lo anterior \u00abdesaparece cabalmente\u00bb en el pa\u00eds centroamericano tras la reciente reforma constitucional, la duod\u00e9cima que promueve Ortega desde su llegada al poder en 2007.<\/p>\n<p>Por eso, invocaron a los gobiernos democr\u00e1ticos de Occidente de que \u00aben el manejo de sus relaciones exteriores no contribuyan a la normalizaci\u00f3n de la f\u00e9rrea dictadura Ortega-Murillo, que atenta contra las bases m\u00e1s elementales de la civilizaci\u00f3n\u00bb.<\/p>\n<p>El Parlamento de Nicaragua aprob\u00f3 en primera legislatura enmiendas a la Constituci\u00f3n que transforman el Estado, el cual pasar\u00e1 de ser una Rep\u00fablica democr\u00e1tica, participativa y representativa a una \u00abrevolucionaria\u00bb y de \u00abdemocracia directa\u00bb ejercida a trav\u00e9s de la Presidencia.<\/p>\n<p>Suscriben el texto los expresidentes Mario Abdo Ben\u00edtez (Paraguay), \u00d3scar Arias (Costa Rica), Jos\u00e9 Mar\u00eda Aznar y Mariano Rajoy (Espa\u00f1a), Felipe Calder\u00f3n y Vicente Fox (M\u00e9xico), Laura Chinchilla (Costa Rica), Alfredo Cristiani (El Salvador), Federico Franco (Paraguay), Eduardo Frei (Chile), Osvaldo Hurtado y Guillermo Lasso (Ecuador) y Luis Alberto Lacalle H. (Uruguay).<\/p>\n<p>Tambi\u00e9n firman la declaraci\u00f3n Mauricio Macri (Argentina), Jamil Mahuad (Ecuador), Hip\u00f3lito Mej\u00eda (Rep\u00fablica Dominicana), Carlos Mesa (Bolivia), Lenin Moreno (Ecuador) Iv\u00e1n Duque, \u00c1lvaro Uribe y Andr\u00e9s Pastrana (Colombia), Mireya Moscoso (Panam\u00e1), Jorge Tuto Quiroga (Bolivia), Miguel \u00c1ngel Rodr\u00edguez y Luis Guillermo Sol\u00eds (Costa Rica) y Juan Carlos Wasmosy (Paraguay).<\/p>\n<p>jc (efe, Diario Las Am\u00e9ricas)<\/p>\n","protected":false},"excerpt":{"rendered":"<p>Un grupo de 27 exjefes de Estado de\u00a0Am\u00e9rica Latina\u00a0y\u00a0Espa\u00f1a\u00a0conden\u00f3 este viernes (06.12.2024) la reforma constitucional en\u00a0Nicaragua\u00a0aprobada en primera legislatura, la cual \u00abadopta un modelo constitucional abiertamente dictatorial\u00bb e implica \u00abun grave retroceso hist\u00f3rico\u00bb. Los exmandatarios de Estado integrantes de la Iniciativa Democr\u00e1tica de Espa\u00f1a y las Am\u00e9ricas (IDEA) se\u00f1alaron que la reforma aprobada el pasado [&hellip;]<\/p>\n","protected":false},"author":1,"featured_media":8304,"comment_status":"open","ping_status":"open","sticky":false,"template":"","format":"standard","meta":{"footnotes":""},"categories":[8],"tags":[],"_links":{"self":[{"href":"https:\/\/infozamoraec.com\/index.php\/wp-json\/wp\/v2\/posts\/8303"}],"collection":[{"href":"https:\/\/infozamoraec.com\/index.php\/wp-json\/wp\/v2\/posts"}],"about":[{"href":"https:\/\/infozamoraec.com\/index.php\/wp-json\/wp\/v2\/types\/post"}],"author":[{"embeddable":true,"href":"https:\/\/infozamoraec.com\/index.php\/wp-json\/wp\/v2\/users\/1"}],"replies":[{"embeddable":true,"href":"https:\/\/infozamoraec.com\/index.php\/wp-json\/wp\/v2\/comments?post=8303"}],"version-history":[{"count":1,"href":"https:\/\/infozamoraec.com\/index.php\/wp-json\/wp\/v2\/posts\/8303\/revisions"}],"predecessor-version":[{"id":8305,"href":"https:\/\/infozamoraec.com\/index.php\/wp-json\/wp\/v2\/posts\/8303\/revisions\/8305"}],"wp:featuredmedia":[{"embeddable":true,"href":"https:\/\/infozamoraec.com\/index.php\/wp-json\/wp\/v2\/media\/8304"}],"wp:attachment":[{"href":"https:\/\/infozamoraec.com\/index.php\/wp-json\/wp\/v2\/media?parent=8303"}],"wp:term":[{"taxonomy":"category","embeddable":true,"href":"https:\/\/infozamoraec.com\/index.php\/wp-json\/wp\/v2\/categories?post=8303"},{"taxonomy":"post_tag","embeddable":true,"href":"https:\/\/infozamoraec.com\/index.php\/wp-json\/wp\/v2\/tags?post=8303"}],"curies":[{"name":"wp","href":"https:\/\/api.w.org\/{rel}","templated":true}]}}