{"id":8299,"date":"2024-12-07T02:36:47","date_gmt":"2024-12-07T02:36:47","guid":{"rendered":"https:\/\/infozamoraec.com\/?p=8299"},"modified":"2024-12-07T02:37:23","modified_gmt":"2024-12-07T02:37:23","slug":"noboa-hay-un-grupo-de-personas-que-sin-tener-el-respaldo-de-la-ciudadania-tratan-de-manejar-el-pais","status":"publish","type":"post","link":"https:\/\/infozamoraec.com\/index.php\/2024\/12\/07\/noboa-hay-un-grupo-de-personas-que-sin-tener-el-respaldo-de-la-ciudadania-tratan-de-manejar-el-pais\/","title":{"rendered":"Noboa: \u00abhay un grupo de personas que, sin tener el respaldo de la ciudadan\u00eda, tratan de manejar el pa\u00eds\u00bb"},"content":{"rendered":"<p>Quito celebr\u00f3 sus 490 a\u00f1os de fundaci\u00f3n con una sesi\u00f3n solemne organizada por el Municipio de Quito en el Teatro Sucre, ubicado en el Centro Hist\u00f3rico. El presidente de la Rep\u00fablica Daniel Noboa utiliz\u00f3 parte de su tiempo para recalcar temas pol\u00edticos y muy a su estilo fue r\u00e1pido en su discurso. Entre su tiempo frentee al podio indic\u00f3 que:<\/p>\n<p>\u00abHay un grupo de personas que, sin tener el respaldo de la ciudadan\u00eda, tratan de manejar el pa\u00eds\u00bb, expres\u00f3. El alcalde mu\u00f1oz mir\u00f3 a Noboa con expresi\u00f3n de ligera incomodidad mientrras Viviana Veloz, presidente de la Asamblea, miraba la taza decaf\u00e9 y a su m\u00f3vil que ten\u00eda entre las manos.<\/p>\n<p>El Presidente Noboa tambi\u00e9n destac\u00f3 y elogi\u00f3 la historia de Quito, como un legado de coraje, dignidad y solidaridad. Indic\u00f3 que la ciudad est\u00e1 \u00abbajo ataque\u00bb y tach\u00f3 a las protestas en la capital como un \u00abacto terrista\u00bb y a los que provocaron los incendios en los bosques de la capital como un \u00abgrupo de desadaptados\u00bb.<\/p>\n<p>\u201cQuito sufre amenazas constantes, cuando esos mismos delincuentes, esos mismos terroristas que asaltaron TC Televisi\u00f3n en enero se pretenden camuflar dentro de una, muchas veces, leg\u00edtima protesta para asaltar a Quito y tratar de destruir ese Centro Hist\u00f3rico que (\u2026) todos los ecuatorianos hemos luchado por construir\u201d, dijo.<\/p>\n<h2 class=\"wp-block-heading\">Mu\u00f1oz dice que no se confrontar\u00e1 con el Presidente y llama al di\u00e1logo<\/h2>\n<p>En cuanto al ambiente pol\u00edtico, Mu\u00f1oz le dijo a Noboa que es momento de generar consenso y no confrontaci\u00f3n pol\u00edtica.<\/p>\n<p>\u201cSe\u00f1or Presidente, (\u2026) en su pr\u00f3xima condici\u00f3n de candidato presidencial, le reitero, si los ecuatorianos le conf\u00edan la administraci\u00f3n del pa\u00eds, tome este Acuerdo (el Acuerdo de Quito 2030) como una muestra de que el camino hoy no es la confrontaci\u00f3n, es la convergencia y la b\u00fasqueda de consensos m\u00ednimos, el pa\u00eds est\u00e1 obligado a reencontrarse y desterrar el odio como forma de hacer pol\u00edtica\u201d, manifest\u00f3 el Alcalde.<\/p>\n<p>Mu\u00f1oz dijo que la sociedad debe reprochar la pol\u00edtica mediocre que no se basa en construir, sino en destruir, por eso se enfoc\u00f3 en el Acuerdo Quito 2030, que hoy lo entreg\u00f3 al presidente Daniel Noboa.<br \/>\n\u00abPersonalemente le entrego el Acuerdo Quito 2030, para que tenga en sus manos la ruta a seguir\u00bb le dijo Mu\u00f1oz.<\/p>\n<p>Noboa record\u00f3 que se conoce con Mu\u00f1oz desde la Asamblea, han trabajado juntos en el pasado y pueden continuar haci\u00e9ndolo en el futuro.<\/p>\n<h2 class=\"wp-block-heading\">Noboa se\u00f1ala los retos y c\u00f3mo encontr\u00f3 el Gobierno previo a su posesi\u00f3n<\/h2>\n<p>Daniel Noboa tambi\u00e9n se di\u00f3 tiempo de ennumerar los retos de su Gobierno tras cumplirse un a\u00f1o y dos meses de gesti\u00f3n.<\/p>\n<p>\u201cRecibimos un pa\u00eds plagado de deudas, con obras inconclusas y corr\u00eda riesgo la dolarizaci\u00f3n, a nosotros nos toc\u00f3 limpiar el desastre que nos dejaron\u201d, agreg\u00f3, al tiempo de se\u00f1alar que lo hicieron dialogando con los gobiernos descentralizados.<\/p>\n<p>El pa\u00eds ha enfrentado los efectos de la sequ\u00eda con la crisis energ\u00e9tica, los efectos de la delincuencia y el crimen transnacional y nuevamente recalc\u00f3 \u201cde ese grupo de personas que, sin el apoyo popular, quieren comandar y decidir sobre los ecuatorianos, eso jam\u00e1s lo vamos a permitir\u201d, concluy\u00f3 el Mandatario.<\/p>\n","protected":false},"excerpt":{"rendered":"<p>Quito celebr\u00f3 sus 490 a\u00f1os de fundaci\u00f3n con una sesi\u00f3n solemne organizada por el Municipio de Quito en el Teatro Sucre, ubicado en el Centro Hist\u00f3rico. El presidente de la Rep\u00fablica Daniel Noboa utiliz\u00f3 parte de su tiempo para recalcar temas pol\u00edticos y muy a su estilo fue r\u00e1pido en su discurso. Entre su tiempo [&hellip;]<\/p>\n","protected":false},"author":1,"featured_media":8300,"comment_status":"open","ping_status":"open","sticky":false,"template":"","format":"standard","meta":{"footnotes":""},"categories":[12],"tags":[],"_links":{"self":[{"href":"https:\/\/infozamoraec.com\/index.php\/wp-json\/wp\/v2\/posts\/8299"}],"collection":[{"href":"https:\/\/infozamoraec.com\/index.php\/wp-json\/wp\/v2\/posts"}],"about":[{"href":"https:\/\/infozamoraec.com\/index.php\/wp-json\/wp\/v2\/types\/post"}],"author":[{"embeddable":true,"href":"https:\/\/infozamoraec.com\/index.php\/wp-json\/wp\/v2\/users\/1"}],"replies":[{"embeddable":true,"href":"https:\/\/infozamoraec.com\/index.php\/wp-json\/wp\/v2\/comments?post=8299"}],"version-history":[{"count":1,"href":"https:\/\/infozamoraec.com\/index.php\/wp-json\/wp\/v2\/posts\/8299\/revisions"}],"predecessor-version":[{"id":8301,"href":"https:\/\/infozamoraec.com\/index.php\/wp-json\/wp\/v2\/posts\/8299\/revisions\/8301"}],"wp:featuredmedia":[{"embeddable":true,"href":"https:\/\/infozamoraec.com\/index.php\/wp-json\/wp\/v2\/media\/8300"}],"wp:attachment":[{"href":"https:\/\/infozamoraec.com\/index.php\/wp-json\/wp\/v2\/media?parent=8299"}],"wp:term":[{"taxonomy":"category","embeddable":true,"href":"https:\/\/infozamoraec.com\/index.php\/wp-json\/wp\/v2\/categories?post=8299"},{"taxonomy":"post_tag","embeddable":true,"href":"https:\/\/infozamoraec.com\/index.php\/wp-json\/wp\/v2\/tags?post=8299"}],"curies":[{"name":"wp","href":"https:\/\/api.w.org\/{rel}","templated":true}]}}