{"id":8296,"date":"2024-12-07T02:34:43","date_gmt":"2024-12-07T02:34:43","guid":{"rendered":"https:\/\/infozamoraec.com\/?p=8296"},"modified":"2024-12-07T02:34:43","modified_gmt":"2024-12-07T02:34:43","slug":"cc-inadmite-a-tramite-solicitud-para-declarar-inconstitucional-suspension-de-abad","status":"publish","type":"post","link":"https:\/\/infozamoraec.com\/index.php\/2024\/12\/07\/cc-inadmite-a-tramite-solicitud-para-declarar-inconstitucional-suspension-de-abad\/","title":{"rendered":"CC inadmite a tr\u00e1mite solicitud para declarar inconstitucional suspensi\u00f3n de Abad"},"content":{"rendered":"<p>La\u00a0<strong><a title=\"Corte Constitucional\" href=\"https:\/\/x.com\/CorteConstEcu\" target=\"_blank\" rel=\"noopener\">Corte Constitucional<\/a><\/strong>\u00a0ha inadmitido, esto es,\u00a0<strong>se ha negado a dar tr\u00e1mite, a una acci\u00f3n de inconstitucionalidad en contra del Decreto Ejecutivo 457<\/strong>, emitido por el presidente de la Rep\u00fablica,\u00a0<strong>Daniel Noboa<\/strong>, en el que se design\u00f3 vicepresidenta de la Rep\u00fablica a\u00a0<strong><a title=\"Sariha Moya Angulo\" href=\"https:\/\/www.larepublica.ec\/blog\/2024\/11\/11\/el-gobierno-designa-a-sariha-moya-como-vicepresidenta-encargada\/\" target=\"_blank\" rel=\"noopener\">Sariha Moya Angulo<\/a><\/strong>, actual Secretaria Nacional de Planificaci\u00f3n, despu\u00e9s que el Ministerio de Trabajo suspendiera, por cinco meses, de las funciones de vicepresidenta a\u00a0<strong>Ver\u00f3nica Abad<\/strong>\u00a0(quien fue elegida en la misma papeleta de Noboa).<\/p>\n<p>Esa acci\u00f3n de inconstitucionalidad fue planteada el 14 de de noviembre por los ciudadanos Xavier Veloz Vallejo, Elsa Guerra Rodr\u00edguez, Rodrigo Vallejo Fierro y Ver\u00f3nica Silva Reinoso.<\/p>\n<p>Las magistradas\u00a0<strong>Karla Andrade, Alejandra C\u00e1rdenas y Daniela Salazar<\/strong>\u00a0han argumentado que el acto impugnado, o sea el Decreto que nombra temporalmente vicepresidenta de la Rep\u00fablica a Moya, en lugar de la elegida Ver\u00f3nica Abad,\u00a0<strong>no produce efectos jur\u00eddicos abstractos, sino concretos, por lo cual \u00abescapa del objeto del control abstracto de la constitucionalidad\u00bb<\/strong>. Y que\u00a0<strong>\u00abpor tanto, al carecer de objeto la demanda, este Tribunal se abstiene de realizar mayores consideraciones\u00bb<\/strong>.<\/p>\n<p>El Pleno de la Corte Constitucional tambi\u00e9n ha dictaminado, respecto a una acci\u00f3n de interpretaci\u00f3n propuesta por la Asamblea Nacional, tambi\u00e9n relativa a la ausencia temporal del presidente Daniel Noboa (cuando empiece la campa\u00f1a para su reelecci\u00f3n) y la ausencia temporal de la vicepresidenta Ver\u00f3nica Abad (al ser suspendida por el Ministerio de Trabajo), que\u00a0<strong>las tres causales previstas en el art\u00edculo 146 de la Constituci\u00f3n son taxativas, esto es que solo pueden ser esas que se mencionan y no otras<\/strong>.<\/p>\n<h2 class=\"wp-block-heading\">Un recurso pendiente<\/h2>\n<p>En ese caso, la Corte ha dictaminado con ocho votos a favor, que\u00a0<strong>\u00abtoda vez que las disposiciones consultadas tienen un contenido y alcance claros, no requieren que se emita dictamen interpretativo\u00bb.<\/strong><\/p>\n<p>La Corte tambi\u00e9n ha informado que\u00a0<strong>a\u00fan no se ha dado la \u00faltima palabra sobre si Moya o Abad reemplazar\u00e1n a Daniel Noboa en la Presidencia de la Rep\u00fablica<\/strong>, puesto que se se encuentra pendiente el recurso interpuesto por los jueces de la Corte Provincial de Pichincha, interpuesto este 3 de diciembre, sobre el acuerdo ministerial que suspendi\u00f3 a Abad de las funciones de Vicepresidenta de la Rep\u00fablica. Los magistrados tienen plazo para pronunciarse hasta fines de diciembre de 2024.<\/p>\n","protected":false},"excerpt":{"rendered":"<p>La\u00a0Corte Constitucional\u00a0ha inadmitido, esto es,\u00a0se ha negado a dar tr\u00e1mite, a una acci\u00f3n de inconstitucionalidad en contra del Decreto Ejecutivo 457, emitido por el presidente de la Rep\u00fablica,\u00a0Daniel Noboa, en el que se design\u00f3 vicepresidenta de la Rep\u00fablica a\u00a0Sariha Moya Angulo, actual Secretaria Nacional de Planificaci\u00f3n, despu\u00e9s que el Ministerio de Trabajo suspendiera, por cinco [&hellip;]<\/p>\n","protected":false},"author":1,"featured_media":8297,"comment_status":"open","ping_status":"open","sticky":false,"template":"","format":"standard","meta":{"footnotes":""},"categories":[12],"tags":[],"_links":{"self":[{"href":"https:\/\/infozamoraec.com\/index.php\/wp-json\/wp\/v2\/posts\/8296"}],"collection":[{"href":"https:\/\/infozamoraec.com\/index.php\/wp-json\/wp\/v2\/posts"}],"about":[{"href":"https:\/\/infozamoraec.com\/index.php\/wp-json\/wp\/v2\/types\/post"}],"author":[{"embeddable":true,"href":"https:\/\/infozamoraec.com\/index.php\/wp-json\/wp\/v2\/users\/1"}],"replies":[{"embeddable":true,"href":"https:\/\/infozamoraec.com\/index.php\/wp-json\/wp\/v2\/comments?post=8296"}],"version-history":[{"count":1,"href":"https:\/\/infozamoraec.com\/index.php\/wp-json\/wp\/v2\/posts\/8296\/revisions"}],"predecessor-version":[{"id":8298,"href":"https:\/\/infozamoraec.com\/index.php\/wp-json\/wp\/v2\/posts\/8296\/revisions\/8298"}],"wp:featuredmedia":[{"embeddable":true,"href":"https:\/\/infozamoraec.com\/index.php\/wp-json\/wp\/v2\/media\/8297"}],"wp:attachment":[{"href":"https:\/\/infozamoraec.com\/index.php\/wp-json\/wp\/v2\/media?parent=8296"}],"wp:term":[{"taxonomy":"category","embeddable":true,"href":"https:\/\/infozamoraec.com\/index.php\/wp-json\/wp\/v2\/categories?post=8296"},{"taxonomy":"post_tag","embeddable":true,"href":"https:\/\/infozamoraec.com\/index.php\/wp-json\/wp\/v2\/tags?post=8296"}],"curies":[{"name":"wp","href":"https:\/\/api.w.org\/{rel}","templated":true}]}}