{"id":8288,"date":"2024-12-07T02:20:17","date_gmt":"2024-12-07T02:20:17","guid":{"rendered":"https:\/\/infozamoraec.com\/?p=8288"},"modified":"2024-12-07T02:20:17","modified_gmt":"2024-12-07T02:20:17","slug":"zamora-vive-el-espiritu-navideno-con-el-lanzamiento-de-la-agenda-cultural-2024","status":"publish","type":"post","link":"https:\/\/infozamoraec.com\/index.php\/2024\/12\/07\/zamora-vive-el-espiritu-navideno-con-el-lanzamiento-de-la-agenda-cultural-2024\/","title":{"rendered":"Zamora Vive el Esp\u00edritu Navide\u00f1o con el Lanzamiento de la Agenda Cultural 2024"},"content":{"rendered":"<p style=\"font-weight: 400;\">Con m\u00fasica, alegr\u00eda y en un ambiente festivo, el mi\u00e9rcoles 04 de diciembre del 2024, en el patio de comidas del Mercado Centro Comercial \u201cReina Del Cisne\u201d, se realiz\u00f3 el lanzamiento de la Agenda Cultural \u00abTradiciones de Navidad y Fin de A\u00f1o 2024\u00bb.<\/p>\n<p style=\"font-weight: 400;\">En este evento se cont\u00f3 con la presencia del alcalde Manuel Gonz\u00e1lez, concejales, t\u00e9cnicos del GADM, autoridades, emprendedores, ciudadan\u00eda y medios de comunicaci\u00f3n.<\/p>\n<p style=\"font-weight: 400;\">Durante el evento se present\u00f3 una canci\u00f3n in\u00e9dita dedicada a la ciudad titulada \u201cNavidad Zamorana\u201d, escrita por el productor de patrimonio cultural y profesor de canto Armando Romero, e interpretada por las talentosas voces del Coro de la Escuela de Canto del Municipio. Adem\u00e1s, se proyect\u00f3 un video promocional que resalta las tradiciones locales.<\/p>\n<p style=\"font-weight: 400;\">Wilmer Espinoza, concejal del cant\u00f3n Zamora fue el encargado de dar las palabras de bienvenida, en su intervenci\u00f3n extendi\u00f3 la invitaci\u00f3n a la ciudadan\u00eda zamorana y turistas a ser part\u00edcipes de estas actividades de Navidad y Fin de A\u00f1o.<\/p>\n<p style=\"font-weight: 400;\">Dayana Uchuari, T\u00e9cnica 2 de Gesti\u00f3n Social, indic\u00f3 que la agenda programada para esta \u00e9poca apunta a preservar las tradiciones y rescatar el arte de la localidad. Por otra parte, recalc\u00f3 que la municipalidad ha invertido en el proyecto un total de $70.000 d\u00f3lares americanos, de los cuales $4.000 d\u00f3lares ser\u00e1n destinados para cada GAD parroquial (dando un total de $24.000) y $46.000 d\u00f3lares para el proyecto del casco urbano.<\/p>\n<p style=\"font-weight: 400;\">Finalmente, Manuel Gonz\u00e1les, alcalde del cant\u00f3n Zamora invit\u00f3 a la ciudadan\u00eda zamorana a disfrutar junto a su familia de esta variada programaci\u00f3n que ha preparado el GAD Municipal. \u201cLa municipalidad siempre tendr\u00e1 la predisposici\u00f3n de realizar eventos que promuevan el arte, la cultura, gastronom\u00eda y la m\u00fasica, sobre todo que permitan dinamizar la econom\u00eda de las familias de la localidad\u201d, finaliz\u00f3 Gonz\u00e1les.<\/p>\n<p style=\"font-weight: 400;\">Dato:<\/p>\n<p style=\"font-weight: 400;\">El GAD Municipal a trav\u00e9s de este proyecto ha brindado un espacio a los emprendedores locales, quienes pueden ofrecer sus productos a trav\u00e9s de las canastas navide\u00f1as que se encuentran a la venta en el Mercado Centro Comercial \u201cReina Del Cisne\u201d (Local N\u00ba 5), con precios que van desde $15.05 hasta $46.00 d\u00f3lares.<\/p>\n","protected":false},"excerpt":{"rendered":"<p>Con m\u00fasica, alegr\u00eda y en un ambiente festivo, el mi\u00e9rcoles 04 de diciembre del 2024, en el patio de comidas del Mercado Centro Comercial \u201cReina Del Cisne\u201d, se realiz\u00f3 el lanzamiento de la Agenda Cultural \u00abTradiciones de Navidad y Fin de A\u00f1o 2024\u00bb. En este evento se cont\u00f3 con la presencia del alcalde Manuel Gonz\u00e1lez, [&hellip;]<\/p>\n","protected":false},"author":1,"featured_media":8289,"comment_status":"open","ping_status":"open","sticky":false,"template":"","format":"standard","meta":{"footnotes":""},"categories":[9],"tags":[],"_links":{"self":[{"href":"https:\/\/infozamoraec.com\/index.php\/wp-json\/wp\/v2\/posts\/8288"}],"collection":[{"href":"https:\/\/infozamoraec.com\/index.php\/wp-json\/wp\/v2\/posts"}],"about":[{"href":"https:\/\/infozamoraec.com\/index.php\/wp-json\/wp\/v2\/types\/post"}],"author":[{"embeddable":true,"href":"https:\/\/infozamoraec.com\/index.php\/wp-json\/wp\/v2\/users\/1"}],"replies":[{"embeddable":true,"href":"https:\/\/infozamoraec.com\/index.php\/wp-json\/wp\/v2\/comments?post=8288"}],"version-history":[{"count":2,"href":"https:\/\/infozamoraec.com\/index.php\/wp-json\/wp\/v2\/posts\/8288\/revisions"}],"predecessor-version":[{"id":8291,"href":"https:\/\/infozamoraec.com\/index.php\/wp-json\/wp\/v2\/posts\/8288\/revisions\/8291"}],"wp:featuredmedia":[{"embeddable":true,"href":"https:\/\/infozamoraec.com\/index.php\/wp-json\/wp\/v2\/media\/8289"}],"wp:attachment":[{"href":"https:\/\/infozamoraec.com\/index.php\/wp-json\/wp\/v2\/media?parent=8288"}],"wp:term":[{"taxonomy":"category","embeddable":true,"href":"https:\/\/infozamoraec.com\/index.php\/wp-json\/wp\/v2\/categories?post=8288"},{"taxonomy":"post_tag","embeddable":true,"href":"https:\/\/infozamoraec.com\/index.php\/wp-json\/wp\/v2\/tags?post=8288"}],"curies":[{"name":"wp","href":"https:\/\/api.w.org\/{rel}","templated":true}]}}