{"id":8285,"date":"2024-12-07T02:18:49","date_gmt":"2024-12-07T02:18:49","guid":{"rendered":"https:\/\/infozamoraec.com\/?p=8285"},"modified":"2024-12-07T02:18:49","modified_gmt":"2024-12-07T02:18:49","slug":"una-obra-a-favor-del-sector-educativo-se-inicio-en-las-orquideas","status":"publish","type":"post","link":"https:\/\/infozamoraec.com\/index.php\/2024\/12\/07\/una-obra-a-favor-del-sector-educativo-se-inicio-en-las-orquideas\/","title":{"rendered":"Una obra a favor del sector educativo se inici\u00f3 en Las Orqu\u00eddeas"},"content":{"rendered":"<p style=\"font-weight: 400;\">Con la presencia de las autoridades de la Prefectura, Karla Re\u00e1tegui y V\u00edctor Sarango, prefecta y viceprefecto, respectivamente, se dio inicio a la construcci\u00f3n de un bloque de aulas en la Unidad Educativa\u00a0<strong>\u201cManuel Sarango Romero\u201d,<\/strong>\u00a0del sector Las Orqu\u00eddeas, parroquia Zurmi, cant\u00f3n Nangaritza. La inversi\u00f3n de esta importante obra para el sector educativo asciende a\u00a0<strong>$ 79.285,23,<\/strong>\u00a0beneficiando a m\u00e1s de 130 estudiantes.<\/p>\n<p style=\"font-weight: 400;\">Para la ejecuci\u00f3n de este bloque de aulas, se hizo el pedido de competencias al Gobierno Municipal de Nangaritza, con la autorizaci\u00f3n del Distrito de Educaci\u00f3n. Daniel Pineda, fiscalizador, indic\u00f3 que para abril 2025 a m\u00e1s tardar se estar\u00e1 concluyendo la misma, con un \u00e1rea de intervenci\u00f3n de 224 m\u00b2. Las tres aulas a construirse cuentan con los est\u00e1ndares referidos por el Ministerio de Educaci\u00f3n de 9 x 6 metros cada una.<\/p>\n<p style=\"font-weight: 400;\">Richard Jim\u00e9nez, docente de este establecimiento indic\u00f3 que un 23 de mayo de 2023 a llegar al establecimiento, encontraron las aulas de elemental y media llenas de agua,\u00a0<strong>\u201cpor esta raz\u00f3n surgi\u00f3 la necesidad de solicitar a las autoridades electas la construcci\u00f3n nuevos espacios para que los ni\u00f1os reciban clases; y, llena de emoci\u00f3n saber que en a\u00f1o y siete meses nos dan una obra de este tama\u00f1o\u201d,<\/strong>\u00a0manifest\u00f3 con emoci\u00f3n.<\/p>\n<p style=\"font-weight: 400;\"><strong>\u201cEn diciembre del 2023 para iniciar al 2024 ya se ten\u00eda el presupuesto para su construcci\u00f3n, en el transcurso del presente a\u00f1o se cumpli\u00f3 con todos los requerimientos previos al inicio de obra, hoy, estamos en territorio siendo testigos de esta alegr\u00eda y de este beneficio para la educaci\u00f3n inicial, pedir a los constructores ponerle toda la voluntad para que los trabajos se desarrollen de mejor manera\u2026\u201d,<\/strong>\u00a0se\u00f1al\u00f3 muy conmovida la prefecta Karla Re\u00e1tegui.<\/p>\n<p style=\"font-weight: 400;\">Actualmente, el establecimiento, cuentan con m\u00e1s de 130 estudiantes, desde el inicial hasta el 3er a\u00f1o de bachillerato. El espacio a construirse servir\u00e1 para el estudio de inicial y elemental; a m\u00e1s de la planta docente, administrativa y padres de familia.<\/p>\n<p style=\"font-weight: 400;\">El rector de la Unidad Educativa, Wellington Quezada, mencion\u00f3 que\u00a0<strong>\u201choy, seis de diciembre, se plasma una gesti\u00f3n que por a\u00f1os lo ven\u00edan solicitando, cuando hay voluntad pol\u00edtica de las autoridades, los pueblos se desarrollan y la educaci\u00f3n progresa\u201d,<\/strong>\u00a0sostuvo.<\/p>\n<p style=\"font-weight: 400;\">En la rese\u00f1a hist\u00f3rica de este centro educativo, data que en noviembre de 1991 se inaugur\u00f3 la Escuela en honor a un soldado h\u00e9roe que muri\u00f3 en el conflicto b\u00e9lico con el Per\u00fa. Luego empez\u00f3 a trabajar un soldado docente bajo el mando del batall\u00f3n de Selva 62 Zamora con siete estudiantes. En 1992-1994 el padre Ricardo Flatz junto a los comuneros apoyaron para la edificaci\u00f3n de la escuela y en 2016 se crea la unidad educativa.<\/p>\n<p style=\"font-weight: 400;\">A este regocijo tambi\u00e9n se uni\u00f3 V\u00edctor Sarango, viceprefecto, y enfatiz\u00f3 que como consejero provincial se apoya en los diferentes proyectos en favor de la sociedad,\u00a0<strong>\u201cpese a no ser competencia directa, pero ah\u00ed estamos para compartir esa trilog\u00eda en obra, pensamiento y desarrollo\u201d.\u00a0<\/strong><\/p>\n<p style=\"font-weight: 400;\">Dato:<\/p>\n<p style=\"font-weight: 400;\">Al inicio se desarroll\u00f3 un partido de ecuavoley resultando ganador el equipo de la U.E. del sector.<\/p>\n","protected":false},"excerpt":{"rendered":"<p>Con la presencia de las autoridades de la Prefectura, Karla Re\u00e1tegui y V\u00edctor Sarango, prefecta y viceprefecto, respectivamente, se dio inicio a la construcci\u00f3n de un bloque de aulas en la Unidad Educativa\u00a0\u201cManuel Sarango Romero\u201d,\u00a0del sector Las Orqu\u00eddeas, parroquia Zurmi, cant\u00f3n Nangaritza. La inversi\u00f3n de esta importante obra para el sector educativo asciende a\u00a0$ 79.285,23,\u00a0beneficiando [&hellip;]<\/p>\n","protected":false},"author":1,"featured_media":8286,"comment_status":"open","ping_status":"open","sticky":false,"template":"","format":"standard","meta":{"footnotes":""},"categories":[9],"tags":[],"_links":{"self":[{"href":"https:\/\/infozamoraec.com\/index.php\/wp-json\/wp\/v2\/posts\/8285"}],"collection":[{"href":"https:\/\/infozamoraec.com\/index.php\/wp-json\/wp\/v2\/posts"}],"about":[{"href":"https:\/\/infozamoraec.com\/index.php\/wp-json\/wp\/v2\/types\/post"}],"author":[{"embeddable":true,"href":"https:\/\/infozamoraec.com\/index.php\/wp-json\/wp\/v2\/users\/1"}],"replies":[{"embeddable":true,"href":"https:\/\/infozamoraec.com\/index.php\/wp-json\/wp\/v2\/comments?post=8285"}],"version-history":[{"count":1,"href":"https:\/\/infozamoraec.com\/index.php\/wp-json\/wp\/v2\/posts\/8285\/revisions"}],"predecessor-version":[{"id":8287,"href":"https:\/\/infozamoraec.com\/index.php\/wp-json\/wp\/v2\/posts\/8285\/revisions\/8287"}],"wp:featuredmedia":[{"embeddable":true,"href":"https:\/\/infozamoraec.com\/index.php\/wp-json\/wp\/v2\/media\/8286"}],"wp:attachment":[{"href":"https:\/\/infozamoraec.com\/index.php\/wp-json\/wp\/v2\/media?parent=8285"}],"wp:term":[{"taxonomy":"category","embeddable":true,"href":"https:\/\/infozamoraec.com\/index.php\/wp-json\/wp\/v2\/categories?post=8285"},{"taxonomy":"post_tag","embeddable":true,"href":"https:\/\/infozamoraec.com\/index.php\/wp-json\/wp\/v2\/tags?post=8285"}],"curies":[{"name":"wp","href":"https:\/\/api.w.org\/{rel}","templated":true}]}}