{"id":8268,"date":"2024-12-06T00:39:26","date_gmt":"2024-12-06T00:39:26","guid":{"rendered":"https:\/\/infozamoraec.com\/?p=8268"},"modified":"2024-12-06T00:39:26","modified_gmt":"2024-12-06T00:39:26","slug":"otra-objecion-total-de-daniel-noboa-a-una-norma-aprobada-en-la-asamblea-la-ley-de-lactancia-materna","status":"publish","type":"post","link":"https:\/\/infozamoraec.com\/index.php\/2024\/12\/06\/otra-objecion-total-de-daniel-noboa-a-una-norma-aprobada-en-la-asamblea-la-ley-de-lactancia-materna\/","title":{"rendered":"Otra objeci\u00f3n total de Daniel Noboa a una norma aprobada en la Asamblea: la ley de lactancia materna"},"content":{"rendered":"<p><strong>El presidente de la Rep\u00fablica, Daniel Noboa,<\/strong>\u00a0vet\u00f3 totalmente el proyecto de Ley Org\u00e1nica de Fomento, Apoyo y Protecci\u00f3n a la Lactancia Materna, aprobado por la Asamblea Nacional el pasado 13 de noviembre.<\/p>\n<p>En el oficio enviado este 5 de diciembre a la secretar\u00eda del Parlamento, Noboa argument\u00f3 que, en el proyecto, la Asamblea\u00a0<strong>pretende obligar a las mujeres a ejercer la lactancia materna<\/strong>, lo cual contraviene la Ley Org\u00e1nica Integral para Prevenir y Erradicar la Violencia contra las Mujeres, la cual \u201creconoce la libertad que una mujer tiene para tomar sus propias decisiones en los diferentes \u00e1mbitos de su vida\u201d.<\/p>\n<p>Tambi\u00e9n cuestiona que en el documento se dispongan obligaciones y responsabilidades\u00a0<strong>a diferentes entidades de la Funci\u00f3n Ejecutiva<\/strong>\u00a0para garantizar el cumplimiento y aplicaci\u00f3n de la ley; \u201csin embargo, se han identificado algunas inconsistencias respecto del rol que deber\u00edan ejercer las entidades\u201d mencionadas.<\/p>\n<p>As\u00ed, por ejemplo, la norma se\u00f1ala que el Ministerio de Salud P\u00fablica ser\u00e1 el encargado de orientar y coordinar las medidas y acciones de protecci\u00f3n, fomento, apoyo y priorizaci\u00f3n del derecho a la lactancia, pero en el aparataje estatal existe m\u00e1s de una entidad de la Funci\u00f3n Ejecutiva que tiene competencia para coadyuvar en ese sentido, como la Secretar\u00eda T\u00e9cnica Ecuador Crece sin Desnutrici\u00f3n Infantil, la Agencia Nacional de Regulaci\u00f3n, Control y Vigilancia Sanitaria, la Agencia de Aseguramiento de la Calidad de los Servicios de Salud y Medicina Prepagada, entre otras.<\/p>\n<p>En el proyecto se establece, asimismo,\u00a0<strong>la prohibici\u00f3n de la venta libre de los suced\u00e1neos de la leche materna o f\u00f3rmulas, y se pide que para acceder a ellos se presente una receta m\u00e9dica<\/strong>.<\/p>\n<p>Seg\u00fan la objeci\u00f3n del Ejecutivo, esto no es viable porque la ley en materia de salud \u00fanicamente proh\u00edbe la venta de medicamentos, y el proyecto de ley en sus definiciones establece que los suced\u00e1neos de la leche materna son alimentos.<\/p>\n<p>\u201cCabe destacar que, adem\u00e1s de las incompatibilidades normativas que se han mencionado en el presente an\u00e1lisis, el requerimiento de una receta m\u00e9dica para la compra de suced\u00e1neos de la leche materna puede devenir en afectaciones econ\u00f3micas para la familia, puesto que, en el caso de que decida no alimentar al beb\u00e9 con leche materna, o tanto la madre como el ni\u00f1o presenten condiciones m\u00e9dicas que no permitan el consumo de leche humana, para tener acceso a los suced\u00e1neos de la leche materna tendr\u00e1 que acudir peri\u00f3dicamente al m\u00e9dico especialista, pagar una consulta (si es en el \u00e1mbito privado) o tomar una cita en los establecimientos de salud p\u00fablica o de seguridad social para obtener una receta m\u00e9dica que prescriba el producto suced\u00e1neo de la leche materna, lo que implica tiempo y gastos en movilizaci\u00f3n, adem\u00e1s de un incremento en la demanda de pacientes en el sistema de salud p\u00fablica\u201d, refiere el texto.<\/p>\n<p><strong>Este es el octavo proyecto de ley aprobado en la Asamblea vetado totalmente por Noboa. Los anteriores son los siguientes:<\/strong><\/p>\n<p>1. Reformas al C\u00f3digo Org\u00e1nico de la Funci\u00f3n Judicial.<\/p>\n<p>2. Ley que obligaba los pagos directos y autom\u00e1ticos a los Gobiernos aut\u00f3nomos descentralizados (GAD).<\/p>\n<p>3. Ley Reformatoria a Varias Leyes para la Estabilidad de la Seguridad Social en Ecuador.<\/p>\n<p>4. Ley de Prevenci\u00f3n y Defensa contra Incendios.<\/p>\n<p>5. Proyecto de reformas al C\u00f3digo Org\u00e1nico de Ambiente<\/p>\n<p>6. Ley Reformatoria a la Ley de Registro<\/p>\n<p>7. Ley Org\u00e1nica Reformatoria a la Ley de Cultura.<\/p>\n","protected":false},"excerpt":{"rendered":"<p>El presidente de la Rep\u00fablica, Daniel Noboa,\u00a0vet\u00f3 totalmente el proyecto de Ley Org\u00e1nica de Fomento, Apoyo y Protecci\u00f3n a la Lactancia Materna, aprobado por la Asamblea Nacional el pasado 13 de noviembre. En el oficio enviado este 5 de diciembre a la secretar\u00eda del Parlamento, Noboa argument\u00f3 que, en el proyecto, la Asamblea\u00a0pretende obligar a [&hellip;]<\/p>\n","protected":false},"author":1,"featured_media":8269,"comment_status":"open","ping_status":"open","sticky":false,"template":"","format":"standard","meta":{"footnotes":""},"categories":[12],"tags":[],"_links":{"self":[{"href":"https:\/\/infozamoraec.com\/index.php\/wp-json\/wp\/v2\/posts\/8268"}],"collection":[{"href":"https:\/\/infozamoraec.com\/index.php\/wp-json\/wp\/v2\/posts"}],"about":[{"href":"https:\/\/infozamoraec.com\/index.php\/wp-json\/wp\/v2\/types\/post"}],"author":[{"embeddable":true,"href":"https:\/\/infozamoraec.com\/index.php\/wp-json\/wp\/v2\/users\/1"}],"replies":[{"embeddable":true,"href":"https:\/\/infozamoraec.com\/index.php\/wp-json\/wp\/v2\/comments?post=8268"}],"version-history":[{"count":1,"href":"https:\/\/infozamoraec.com\/index.php\/wp-json\/wp\/v2\/posts\/8268\/revisions"}],"predecessor-version":[{"id":8270,"href":"https:\/\/infozamoraec.com\/index.php\/wp-json\/wp\/v2\/posts\/8268\/revisions\/8270"}],"wp:featuredmedia":[{"embeddable":true,"href":"https:\/\/infozamoraec.com\/index.php\/wp-json\/wp\/v2\/media\/8269"}],"wp:attachment":[{"href":"https:\/\/infozamoraec.com\/index.php\/wp-json\/wp\/v2\/media?parent=8268"}],"wp:term":[{"taxonomy":"category","embeddable":true,"href":"https:\/\/infozamoraec.com\/index.php\/wp-json\/wp\/v2\/categories?post=8268"},{"taxonomy":"post_tag","embeddable":true,"href":"https:\/\/infozamoraec.com\/index.php\/wp-json\/wp\/v2\/tags?post=8268"}],"curies":[{"name":"wp","href":"https:\/\/api.w.org\/{rel}","templated":true}]}}