{"id":8265,"date":"2024-12-06T00:37:45","date_gmt":"2024-12-06T00:37:45","guid":{"rendered":"https:\/\/infozamoraec.com\/?p=8265"},"modified":"2024-12-06T00:37:45","modified_gmt":"2024-12-06T00:37:45","slug":"ministra-del-trabajo-ivonne-nunez-ofrece-explicar-el-lunes-por-que-veronica-abad-esta-suspendida-por-150-dias","status":"publish","type":"post","link":"https:\/\/infozamoraec.com\/index.php\/2024\/12\/06\/ministra-del-trabajo-ivonne-nunez-ofrece-explicar-el-lunes-por-que-veronica-abad-esta-suspendida-por-150-dias\/","title":{"rendered":"Ministra del Trabajo, Ivonne N\u00fa\u00f1ez, ofrece explicar el lunes por qu\u00e9 Ver\u00f3nica Abad est\u00e1 suspendida por 150 d\u00edas"},"content":{"rendered":"<p>El pr\u00f3ximo lunes, en la reinstalaci\u00f3n de la audiencia de acci\u00f3n de protecci\u00f3n, la ministra del Trabajo,\u00a0<strong>Ivonne N\u00fa\u00f1ez<\/strong>, explicar\u00e1 por qu\u00e9 la vicepresidenta de la Rep\u00fablica, Ver\u00f3nica Abad, fue sancionada con la suspensi\u00f3n de sus funciones por 150 d\u00edas y sin sueldo.<\/p>\n<p>\u201cEl lunes van a escuchar a la ministra del Trabajo qu\u00e9 significa el principio de proporcionalidad cuando existen normas de textura abierta\u201d, manifest\u00f3 este jueves, 5 de diciembre, Ivonne N\u00fa\u00f1ez Figueroa, titular de la cartera de Trabajo, a periodistas.<\/p>\n<p>En el despacho de la jueza de la Unidad Judicial de Quito\u00a0<strong>Nubia Vera Cede\u00f1o<\/strong>\u00a0se ventila una acci\u00f3n de protecci\u00f3n planteada por la\u00a0<a href=\"https:\/\/www.eluniverso.com\/temas\/vicepresidencia-ecuador\/\" target=\"_blank\" rel=\"noopener noreferrer nofollow\"><strong>vicepresidenta de la Rep\u00fablica, Ver\u00f3nica Abad Rojas,<\/strong><\/a>\u00a0en contra del Ministerio del Trabajo por un sumario administrativo que termin\u00f3 con una sanci\u00f3n de suspensi\u00f3n de su ejercicio en el cargo de segunda mandataria por 150 d\u00edas y sin remuneraci\u00f3n.<\/p>\n<p>La diligencia viene realiz\u00e1ndose desde el pasado 29 de noviembre, cuando la jueza escuch\u00f3 a las partes procesales y a m\u00e1s de una docena de\u00a0<em>amici curiae<\/em>\u00a0a favor y en contra de la resoluci\u00f3n ministerial, que la suscribi\u00f3 una funcionaria de nombre Ruth Espinoza Avil\u00e9s.<\/p>\n<p>La jueza suspendi\u00f3 ese d\u00eda la diligencia y llam\u00f3 a la reinstalaci\u00f3n para el 9 de diciembre. Luego, la reagend\u00f3 para este 5 de diciembre, porque hab\u00eda disponibilidad de una sala en el Complejo Judicial Norte en Quito.<\/p>\n<p>Este jueves, el acto estaba por empezar, pero la jueza se mostr\u00f3 sorprendida de que minutos antes de las 09:00 la accionante, Ver\u00f3nica Abad, y su defensa ingresaron un escrito pidiendo una nueva fecha porque su equipo de abogados no estaba listo para asistir.<\/p>\n<p>El cambio de fecha fue \u201cabrupto\u201d, dijo la segunda mandataria, que asisti\u00f3 al complejo bajo un dispositivo de seguridad policial y militar.<\/p>\n<p>Tambi\u00e9n, la ministra del Trabajo hab\u00eda ingresado un escrito y un<strong>\u00a0anexo de 459 fojas\u00a0<\/strong>que ser\u00edan parte de sus alegatos de descargo en contra del recurso.<\/p>\n<p>La magistrada acogi\u00f3 el pedido de Abad y reagend\u00f3 nuevamente la cita para el 9 de diciembre. Ese d\u00eda continuar\u00e1 escuchando a m\u00e1s de 41\u00a0<strong><em>amici curiae<\/em><\/strong>\u00a0que restan por intervenir.<\/p>\n<p>La expectativa se da luego que, el 29 de noviembre, la jueza Vera cuestion\u00f3 a un abogado del ministerio sobre cu\u00e1l es la base legal sobre la que se aplic\u00f3 la sanci\u00f3n de 150 d\u00edas de suspensi\u00f3n del cargo.<\/p>\n<p>El abogado no supo responder y aleg\u00f3 que se hizo bajo la \u201csana cr\u00edtica\u201d, ya que la Ley Org\u00e1nica de Servicio P\u00fablico y su reglamento general establecen un tiempo m\u00e1ximo de suspensi\u00f3n por 90 d\u00edas, pero no de 150 d\u00edas.<\/p>\n<p>Abad apel\u00f3 la resoluci\u00f3n administrativa, y el subsecretario de Seguimiento, Control, Recursos y Sumarios del Ministerio del Trabajo, Daniel Ca\u00f1arte Casal, le neg\u00f3 el pedido de nulidad.<\/p>\n<p>El subsecretario aleg\u00f3 que la sustanciadora del sumario administrativo \u201cobserv\u00f3 una equitativa relaci\u00f3n entre la punidad y la gravedad del hecho para imputar la falta cometida y motiv\u00f3 su resoluci\u00f3n en las leyes, principios legales pertinentes\u201d.<\/p>\n<p>En el Gobierno nacional se devel\u00f3 la enemistad entre el gobernante Daniel Noboa Az\u00edn y Ver\u00f3nica Abad desde la campa\u00f1a electoral en la segunda vuelta de las elecciones generales anticipadas.<\/p>\n<p>Tras ser electos, Noboa le encarg\u00f3 ser embajadora para la paz por el conflicto entre Israel y Palestina y la envi\u00f3 a ese primer pa\u00eds.<\/p>\n<p>Por la escalada de tensiones entre los dos pa\u00edses del Medio Oriente, Noboa dispuso su traslado de forma temporal a Ankara (Turqu\u00eda) para que continuara sus funciones en la misi\u00f3n diplom\u00e1tica.<\/p>\n<p>El\u00a0<strong>Ministerio de Relaciones Exteriores<\/strong>\u00a0hab\u00eda dispuesto que llegara a esa naci\u00f3n antes del 1 de septiembre, pero ella lo hizo el 9 de septiembre. Con ello, se abri\u00f3 el sumario administrativo.<\/p>\n<p>De los 150 d\u00edas, Abad lleva sin ninguna funci\u00f3n en el Gobierno 26 d\u00edas.<\/p>\n","protected":false},"excerpt":{"rendered":"<p>El pr\u00f3ximo lunes, en la reinstalaci\u00f3n de la audiencia de acci\u00f3n de protecci\u00f3n, la ministra del Trabajo,\u00a0Ivonne N\u00fa\u00f1ez, explicar\u00e1 por qu\u00e9 la vicepresidenta de la Rep\u00fablica, Ver\u00f3nica Abad, fue sancionada con la suspensi\u00f3n de sus funciones por 150 d\u00edas y sin sueldo. \u201cEl lunes van a escuchar a la ministra del Trabajo qu\u00e9 significa el [&hellip;]<\/p>\n","protected":false},"author":1,"featured_media":8266,"comment_status":"open","ping_status":"open","sticky":false,"template":"","format":"standard","meta":{"footnotes":""},"categories":[12],"tags":[],"_links":{"self":[{"href":"https:\/\/infozamoraec.com\/index.php\/wp-json\/wp\/v2\/posts\/8265"}],"collection":[{"href":"https:\/\/infozamoraec.com\/index.php\/wp-json\/wp\/v2\/posts"}],"about":[{"href":"https:\/\/infozamoraec.com\/index.php\/wp-json\/wp\/v2\/types\/post"}],"author":[{"embeddable":true,"href":"https:\/\/infozamoraec.com\/index.php\/wp-json\/wp\/v2\/users\/1"}],"replies":[{"embeddable":true,"href":"https:\/\/infozamoraec.com\/index.php\/wp-json\/wp\/v2\/comments?post=8265"}],"version-history":[{"count":1,"href":"https:\/\/infozamoraec.com\/index.php\/wp-json\/wp\/v2\/posts\/8265\/revisions"}],"predecessor-version":[{"id":8267,"href":"https:\/\/infozamoraec.com\/index.php\/wp-json\/wp\/v2\/posts\/8265\/revisions\/8267"}],"wp:featuredmedia":[{"embeddable":true,"href":"https:\/\/infozamoraec.com\/index.php\/wp-json\/wp\/v2\/media\/8266"}],"wp:attachment":[{"href":"https:\/\/infozamoraec.com\/index.php\/wp-json\/wp\/v2\/media?parent=8265"}],"wp:term":[{"taxonomy":"category","embeddable":true,"href":"https:\/\/infozamoraec.com\/index.php\/wp-json\/wp\/v2\/categories?post=8265"},{"taxonomy":"post_tag","embeddable":true,"href":"https:\/\/infozamoraec.com\/index.php\/wp-json\/wp\/v2\/tags?post=8265"}],"curies":[{"name":"wp","href":"https:\/\/api.w.org\/{rel}","templated":true}]}}