{"id":8255,"date":"2024-12-06T00:30:39","date_gmt":"2024-12-06T00:30:39","guid":{"rendered":"https:\/\/infozamoraec.com\/?p=8255"},"modified":"2024-12-06T00:32:04","modified_gmt":"2024-12-06T00:32:04","slug":"suspenden-audiencia-adelantada-de-veronica-abad-por-desacuerdos","status":"publish","type":"post","link":"https:\/\/infozamoraec.com\/index.php\/2024\/12\/06\/suspenden-audiencia-adelantada-de-veronica-abad-por-desacuerdos\/","title":{"rendered":"Suspenden audiencia adelantada de Ver\u00f3nica Abad por desacuerdos"},"content":{"rendered":"<p>La vicepresidenta de la Rep\u00fablica,\u00a0<a title=\"\" href=\"https:\/\/www.larepublica.ec\/blog\/2024\/12\/03\/__trashed-4\/\" target=\"_blank\" rel=\"noopener\">Ver\u00f3nica Abad<\/a>, arrib\u00f3 la ma\u00f1ana de este jueves, 5 de diciembre al Complejo Judicial Norte, en Quito, donde se esperaba que se lleve a cabo su audiencia de acci\u00f3n de protecci\u00f3n contra el Ministerio de Trabajo por la suspensi\u00f3n de 150 d\u00edas, decidida a trav\u00e9s de un sumario administrativo. No obstante, la audiencia no se realiz\u00f3.<\/p>\n<p>Abad expres\u00f3 su desacuerdo por el cambio repentino de fecha y explic\u00f3 que sus abogados no residen en Quito, por lo que no pueden asistir de manera presencial.<\/p>\n<p>Inicialmente, la jueza Nubia Vera hab\u00eda establecido la diligencia para el lunes 9 de diciembre, pero luego modific\u00f3 la fecha para el jueves 5 de diciembre a las 09:00 horas, debido a la disponibilidad del auditorio en el piso 11 del Complejo Judicial Norte.<\/p>\n<p>Al reclamo de Abad se a\u00f1adi\u00f3 un documento de 459 p\u00e1ginas entregado por la ministra de Trabajo, Ivonne N\u00fa\u00f1ez, solo nueve minutos antes de que iniciara la audiencia.<\/p>\n<p>Frente a ambas situaciones, la jueza Vera opt\u00f3 por aplazar la diligencia para la fecha originalmente establecida, es decir, el lunes 9 de diciembre. (I)<\/p>\n<figure class=\"wp-block-embed is-type-rich is-provider-twitter wp-block-embed-twitter\">\n<div class=\"wp-block-embed__wrapper\"><\/div>\n<\/figure>\n","protected":false},"excerpt":{"rendered":"<p>La vicepresidenta de la Rep\u00fablica,\u00a0Ver\u00f3nica Abad, arrib\u00f3 la ma\u00f1ana de este jueves, 5 de diciembre al Complejo Judicial Norte, en Quito, donde se esperaba que se lleve a cabo su audiencia de acci\u00f3n de protecci\u00f3n contra el Ministerio de Trabajo por la suspensi\u00f3n de 150 d\u00edas, decidida a trav\u00e9s de un sumario administrativo. No obstante, [&hellip;]<\/p>\n","protected":false},"author":1,"featured_media":8256,"comment_status":"open","ping_status":"open","sticky":false,"template":"","format":"standard","meta":{"footnotes":""},"categories":[12],"tags":[],"_links":{"self":[{"href":"https:\/\/infozamoraec.com\/index.php\/wp-json\/wp\/v2\/posts\/8255"}],"collection":[{"href":"https:\/\/infozamoraec.com\/index.php\/wp-json\/wp\/v2\/posts"}],"about":[{"href":"https:\/\/infozamoraec.com\/index.php\/wp-json\/wp\/v2\/types\/post"}],"author":[{"embeddable":true,"href":"https:\/\/infozamoraec.com\/index.php\/wp-json\/wp\/v2\/users\/1"}],"replies":[{"embeddable":true,"href":"https:\/\/infozamoraec.com\/index.php\/wp-json\/wp\/v2\/comments?post=8255"}],"version-history":[{"count":1,"href":"https:\/\/infozamoraec.com\/index.php\/wp-json\/wp\/v2\/posts\/8255\/revisions"}],"predecessor-version":[{"id":8257,"href":"https:\/\/infozamoraec.com\/index.php\/wp-json\/wp\/v2\/posts\/8255\/revisions\/8257"}],"wp:featuredmedia":[{"embeddable":true,"href":"https:\/\/infozamoraec.com\/index.php\/wp-json\/wp\/v2\/media\/8256"}],"wp:attachment":[{"href":"https:\/\/infozamoraec.com\/index.php\/wp-json\/wp\/v2\/media?parent=8255"}],"wp:term":[{"taxonomy":"category","embeddable":true,"href":"https:\/\/infozamoraec.com\/index.php\/wp-json\/wp\/v2\/categories?post=8255"},{"taxonomy":"post_tag","embeddable":true,"href":"https:\/\/infozamoraec.com\/index.php\/wp-json\/wp\/v2\/tags?post=8255"}],"curies":[{"name":"wp","href":"https:\/\/api.w.org\/{rel}","templated":true}]}}