{"id":8245,"date":"2024-12-06T00:19:30","date_gmt":"2024-12-06T00:19:30","guid":{"rendered":"https:\/\/infozamoraec.com\/?p=8245"},"modified":"2024-12-06T00:19:30","modified_gmt":"2024-12-06T00:19:30","slug":"realizan-capacitacion-y-acciones-comercializacion-directa-en-yantzaza","status":"publish","type":"post","link":"https:\/\/infozamoraec.com\/index.php\/2024\/12\/06\/realizan-capacitacion-y-acciones-comercializacion-directa-en-yantzaza\/","title":{"rendered":"Realizan capacitaci\u00f3n y acciones comercializaci\u00f3n directa en Yantzaza"},"content":{"rendered":"<p>El Ministerio de Agricultura y Ganader\u00eda de Ecuador llev\u00f3 a cabo una exitosa capacitaci\u00f3n para agricultores en Chimbutza, cant\u00f3n Yantzaza, enfocada en la <strong>Agricultura Familiar Campesina (AFC)<\/strong>. Este evento, que incluy\u00f3 la clausura e incorporaci\u00f3n de diversos participantes, tuvo como objetivo promover espacios de comercializaci\u00f3n directa del productor al consumidor.<\/p>\n<p>Durante la capacitaci\u00f3n, se destac\u00f3 que uno de los principales beneficios de la AFC es que los productos son\u00a0<strong>agroecol\u00f3gicos<\/strong>, lo que ignifica que no contienen qu\u00edmicos y son m\u00e1s saludables para los consumidores.Esta formaci\u00f3n permite a los productores familiares expender sus productos con el sello #AFC, lo que les otorga acceso a racionamientos agr\u00edcolas destinados a mejorar sus cultivos.<\/p>\n<p>El evento cont\u00f3 con la participaci\u00f3n del Jefe Pol\u00edtico del cant\u00f3n Yantzaza, el Director del MAG, representantes del MIES, MINEDUC y el MSP, quienes reafirmaron su compromiso con el desarrollo sostenible y el apoyo a los agricultores locales.<\/p>\n<p>La capacitaci\u00f3n se enmarca dentro de un esfuerzo m\u00e1s amplio por parte del Ministerio para fortalecer las capacidades de los productores familiares y fomentar la soberan\u00eda alimentaria en el pa\u00eds. Al proporcionar herramientas y conocimientos sobre pr\u00e1cticas agr\u00edcolas sostenibles, se busca mejorar la producci\u00f3n y garantizar que los agricultores puedan acceder a mercados locales y regionales de manera efectiva.<\/p>\n<p>Este enfoque integral\u00a0 beneficia a los agricultores y promueve un sistema alimentario m\u00e1s saludable y accesible para toda la comunidad.<\/p>\n","protected":false},"excerpt":{"rendered":"<p>El Ministerio de Agricultura y Ganader\u00eda de Ecuador llev\u00f3 a cabo una exitosa capacitaci\u00f3n para agricultores en Chimbutza, cant\u00f3n Yantzaza, enfocada en la Agricultura Familiar Campesina (AFC). Este evento, que incluy\u00f3 la clausura e incorporaci\u00f3n de diversos participantes, tuvo como objetivo promover espacios de comercializaci\u00f3n directa del productor al consumidor. Durante la capacitaci\u00f3n, se destac\u00f3 [&hellip;]<\/p>\n","protected":false},"author":1,"featured_media":8246,"comment_status":"open","ping_status":"open","sticky":false,"template":"","format":"standard","meta":{"footnotes":""},"categories":[9],"tags":[],"_links":{"self":[{"href":"https:\/\/infozamoraec.com\/index.php\/wp-json\/wp\/v2\/posts\/8245"}],"collection":[{"href":"https:\/\/infozamoraec.com\/index.php\/wp-json\/wp\/v2\/posts"}],"about":[{"href":"https:\/\/infozamoraec.com\/index.php\/wp-json\/wp\/v2\/types\/post"}],"author":[{"embeddable":true,"href":"https:\/\/infozamoraec.com\/index.php\/wp-json\/wp\/v2\/users\/1"}],"replies":[{"embeddable":true,"href":"https:\/\/infozamoraec.com\/index.php\/wp-json\/wp\/v2\/comments?post=8245"}],"version-history":[{"count":2,"href":"https:\/\/infozamoraec.com\/index.php\/wp-json\/wp\/v2\/posts\/8245\/revisions"}],"predecessor-version":[{"id":8248,"href":"https:\/\/infozamoraec.com\/index.php\/wp-json\/wp\/v2\/posts\/8245\/revisions\/8248"}],"wp:featuredmedia":[{"embeddable":true,"href":"https:\/\/infozamoraec.com\/index.php\/wp-json\/wp\/v2\/media\/8246"}],"wp:attachment":[{"href":"https:\/\/infozamoraec.com\/index.php\/wp-json\/wp\/v2\/media?parent=8245"}],"wp:term":[{"taxonomy":"category","embeddable":true,"href":"https:\/\/infozamoraec.com\/index.php\/wp-json\/wp\/v2\/categories?post=8245"},{"taxonomy":"post_tag","embeddable":true,"href":"https:\/\/infozamoraec.com\/index.php\/wp-json\/wp\/v2\/tags?post=8245"}],"curies":[{"name":"wp","href":"https:\/\/api.w.org\/{rel}","templated":true}]}}