{"id":8234,"date":"2024-12-05T00:31:03","date_gmt":"2024-12-05T00:31:03","guid":{"rendered":"https:\/\/infozamoraec.com\/?p=8234"},"modified":"2024-12-05T00:31:03","modified_gmt":"2024-12-05T00:31:03","slug":"palanda-cerro-con-broche-de-oro-sus-festividades-por-27-anos-de-cantonizacion","status":"publish","type":"post","link":"https:\/\/infozamoraec.com\/index.php\/2024\/12\/05\/palanda-cerro-con-broche-de-oro-sus-festividades-por-27-anos-de-cantonizacion\/","title":{"rendered":"Palanda cerr\u00f3 con broche de oro sus festividades por 27 A\u00f1os de Cantonizaci\u00f3n"},"content":{"rendered":"<p>El cant\u00f3n Palanda culmin\u00f3 la noche del 2 de diciembre de 2024 las festividades por sus <strong>27 a\u00f1os de vida pol\u00edtica<\/strong> con una serie de eventos que celebraron su rica cultura y tradiciones. Las actividades finales incluyeron una emotiva misa de acci\u00f3n de gracias, seguida de desfile, sesi\u00f3n solemne y\u00a0 la premiaci\u00f3n a los ganadores de los concursos de oratoria, m\u00fasica nacional y carros aleg\u00f3ricos.<\/p>\n<p>Tambi\u00e9n se reconocieron a los triunfadores de la\u00a0<strong>Copa Palanda Origen del Cacao<\/strong>, que abarc\u00f3 disciplinas como f\u00fatbol, ecuavoley y f\u00fatbol max 50.<\/p>\n<p>Para amenizar el cierre de las festividades, se presentaron artistas locales como\u00a0<strong>Gabriel Garrido<\/strong>\u00a0y\u00a0<strong>David Michael<\/strong>, as\u00ed como la reconocida\u00a0<strong>Orquesta Batahola<\/strong>\u00a0desde Quito, que hizo vibrar a todos los asistentes con su m\u00fasica, invit\u00e1ndolos a bailar y disfrutar del evento.<\/p>\n<p>El alcalde de Palanda,\u00a0<strong>Segundo Jaramillo Quezada<\/strong>, expres\u00f3 su agradecimiento a la ciudadan\u00eda por su participaci\u00f3n activa en los diversos actos celebratorios, resaltando la importancia de estos eventos para fortalecer el sentido de comunidad y orgullo local. \u00abEstos 27 a\u00f1os son un testimonio del esfuerzo y la dedicaci\u00f3n de todos los palande\u00f1os\u00bb, afirm\u00f3 el alcalde.<\/p>\n<p>Las festividades no solo celebraron el pasado del cant\u00f3n, sino que tambi\u00e9n miraron hacia el futuro, reafirmando el compromiso de seguir promoviendo la cultura y el desarrollo en la regi\u00f3n conocida como la \u00abCuna del Origen del Cacao\u00bb.<\/p>\n<p>&nbsp;<\/p>\n","protected":false},"excerpt":{"rendered":"<p>El cant\u00f3n Palanda culmin\u00f3 la noche del 2 de diciembre de 2024 las festividades por sus 27 a\u00f1os de vida pol\u00edtica con una serie de eventos que celebraron su rica cultura y tradiciones. Las actividades finales incluyeron una emotiva misa de acci\u00f3n de gracias, seguida de desfile, sesi\u00f3n solemne y\u00a0 la premiaci\u00f3n a los ganadores [&hellip;]<\/p>\n","protected":false},"author":1,"featured_media":8235,"comment_status":"open","ping_status":"open","sticky":false,"template":"","format":"standard","meta":{"footnotes":""},"categories":[9],"tags":[],"_links":{"self":[{"href":"https:\/\/infozamoraec.com\/index.php\/wp-json\/wp\/v2\/posts\/8234"}],"collection":[{"href":"https:\/\/infozamoraec.com\/index.php\/wp-json\/wp\/v2\/posts"}],"about":[{"href":"https:\/\/infozamoraec.com\/index.php\/wp-json\/wp\/v2\/types\/post"}],"author":[{"embeddable":true,"href":"https:\/\/infozamoraec.com\/index.php\/wp-json\/wp\/v2\/users\/1"}],"replies":[{"embeddable":true,"href":"https:\/\/infozamoraec.com\/index.php\/wp-json\/wp\/v2\/comments?post=8234"}],"version-history":[{"count":2,"href":"https:\/\/infozamoraec.com\/index.php\/wp-json\/wp\/v2\/posts\/8234\/revisions"}],"predecessor-version":[{"id":8237,"href":"https:\/\/infozamoraec.com\/index.php\/wp-json\/wp\/v2\/posts\/8234\/revisions\/8237"}],"wp:featuredmedia":[{"embeddable":true,"href":"https:\/\/infozamoraec.com\/index.php\/wp-json\/wp\/v2\/media\/8235"}],"wp:attachment":[{"href":"https:\/\/infozamoraec.com\/index.php\/wp-json\/wp\/v2\/media?parent=8234"}],"wp:term":[{"taxonomy":"category","embeddable":true,"href":"https:\/\/infozamoraec.com\/index.php\/wp-json\/wp\/v2\/categories?post=8234"},{"taxonomy":"post_tag","embeddable":true,"href":"https:\/\/infozamoraec.com\/index.php\/wp-json\/wp\/v2\/tags?post=8234"}],"curies":[{"name":"wp","href":"https:\/\/api.w.org\/{rel}","templated":true}]}}