{"id":8212,"date":"2024-12-04T20:52:55","date_gmt":"2024-12-04T20:52:55","guid":{"rendered":"https:\/\/infozamoraec.com\/?p=8212"},"modified":"2024-12-04T20:52:55","modified_gmt":"2024-12-04T20:52:55","slug":"policia-nacional-reclutara-210-nuevos-oficiales-se-hara-control-exhaustivo-para-evitar-infiltrados-de-bandas-delictivas","status":"publish","type":"post","link":"https:\/\/infozamoraec.com\/index.php\/2024\/12\/04\/policia-nacional-reclutara-210-nuevos-oficiales-se-hara-control-exhaustivo-para-evitar-infiltrados-de-bandas-delictivas\/","title":{"rendered":"Polic\u00eda Nacional reclutar\u00e1 210 nuevos oficiales; se har\u00e1 control exhaustivo para evitar infiltrados de bandas delictivas"},"content":{"rendered":"<p>Un total de 210 oficiales reclutar\u00e1 la Polic\u00eda Nacional desde el pr\u00f3ximo lunes, 9 de diciembre, con una serie de controles exhaustivos para evitar que se infiltren ciudadanos de organizaciones delictivas.<\/p>\n<p>As\u00ed lo anunci\u00f3 la Polic\u00eda Nacional este mi\u00e9rcoles, 4 de diciembre, en el Cuartel Modelo, en la avenida de las Am\u00e9ricas.<\/p>\n<p>All\u00ed los oficiales Pablo D\u00e1vila, comandante Zona 8, el comandante Pablo Ramos; y Walter Gomez, jefe de operaciones de la Zona 8, detallaron sobre este nuevo proceso que se realizar\u00e1 para sumar 170 hombres y 40 mujeres.<\/p>\n<p>Entre los requisitos principales est\u00e1n que los hombres deber\u00e1 tener de estatura 1.68 y las mujeres 1.57. Mientras que la edad debe ser desde los 18 a\u00f1os o 22 y once meses<\/p>\n<p>D\u00e1vila indic\u00f3 que otro requisito primordial es que el postulante no debe tener tatuajes de ning\u00fan tipo. Adem\u00e1s que se har\u00e1 una entrevista, investigaci\u00f3n de su entorno para evitar que ingresen al concurso personas que est\u00e9n relacionadas a alguna organizaci\u00f3n delictiva.<\/p>\n<p>Los aspirantes deben entregar declaraci\u00f3n jura mentada de no haber participado en hechos de corrupci\u00f3n o delinco la organizada. Esta entra en proceso de verificaci\u00f3n.<\/p>\n<p>D\u00e1vila a\u00f1adi\u00f3 que para ser oficiales deben estudiar cuatro a\u00f1os en Quito en la escuela Superior de la Polic\u00eda general Alberto Enr\u00edquez Gallo.<\/p>\n<p>Los seleccionados podr\u00e1n graduarse como licenciados en seguridad ciudadana .<\/p>\n<p>El registro oficial es desde el 9 de diciembre al 14, en\u00a0<a href=\"http:\/\/www.reclutamiento.xn--polica-7va.gob.ec\/\" target=\"_blank\" rel=\"noopener noreferrer nofollow\">www.reclutamiento.polic\u00eda.gob.ec<\/a>.<\/p>\n<p>El cronograma para postulaci\u00f3n es de acuerdo al \u00faltimo d\u00edgito de la c\u00e9dula del estudiante<\/p>\n<p>El lunes 9 ser\u00e1n los 1 y 2; el martes 10, 3 y 4; el mi\u00e9rcoles 11 aplicar\u00e1n los que terminen en 5 y 6; y el viernes 13, los d\u00edgitos 9 y 0.<\/p>\n<p>Y para el grupo de rezagados se habilita el s\u00e1bado 14, es la \u00faltima oportunidad<\/p>\n<p>Tambi\u00e9n se realiza otro proceso para t\u00e9cnico operativo de la Polic\u00eda. Este se inici\u00f3 el 18 de noviembre 29 de noviembre. Su instrucci\u00f3n es de 2 a\u00f1os. Hay cupo 2.900 personas.<\/p>\n<p>Se debe tener nota habilitada m\u00ednima de 800 puntos.<\/p>\n","protected":false},"excerpt":{"rendered":"<p>Un total de 210 oficiales reclutar\u00e1 la Polic\u00eda Nacional desde el pr\u00f3ximo lunes, 9 de diciembre, con una serie de controles exhaustivos para evitar que se infiltren ciudadanos de organizaciones delictivas. As\u00ed lo anunci\u00f3 la Polic\u00eda Nacional este mi\u00e9rcoles, 4 de diciembre, en el Cuartel Modelo, en la avenida de las Am\u00e9ricas. All\u00ed los oficiales [&hellip;]<\/p>\n","protected":false},"author":1,"featured_media":8213,"comment_status":"open","ping_status":"open","sticky":false,"template":"","format":"standard","meta":{"footnotes":""},"categories":[12],"tags":[],"_links":{"self":[{"href":"https:\/\/infozamoraec.com\/index.php\/wp-json\/wp\/v2\/posts\/8212"}],"collection":[{"href":"https:\/\/infozamoraec.com\/index.php\/wp-json\/wp\/v2\/posts"}],"about":[{"href":"https:\/\/infozamoraec.com\/index.php\/wp-json\/wp\/v2\/types\/post"}],"author":[{"embeddable":true,"href":"https:\/\/infozamoraec.com\/index.php\/wp-json\/wp\/v2\/users\/1"}],"replies":[{"embeddable":true,"href":"https:\/\/infozamoraec.com\/index.php\/wp-json\/wp\/v2\/comments?post=8212"}],"version-history":[{"count":1,"href":"https:\/\/infozamoraec.com\/index.php\/wp-json\/wp\/v2\/posts\/8212\/revisions"}],"predecessor-version":[{"id":8214,"href":"https:\/\/infozamoraec.com\/index.php\/wp-json\/wp\/v2\/posts\/8212\/revisions\/8214"}],"wp:featuredmedia":[{"embeddable":true,"href":"https:\/\/infozamoraec.com\/index.php\/wp-json\/wp\/v2\/media\/8213"}],"wp:attachment":[{"href":"https:\/\/infozamoraec.com\/index.php\/wp-json\/wp\/v2\/media?parent=8212"}],"wp:term":[{"taxonomy":"category","embeddable":true,"href":"https:\/\/infozamoraec.com\/index.php\/wp-json\/wp\/v2\/categories?post=8212"},{"taxonomy":"post_tag","embeddable":true,"href":"https:\/\/infozamoraec.com\/index.php\/wp-json\/wp\/v2\/tags?post=8212"}],"curies":[{"name":"wp","href":"https:\/\/api.w.org\/{rel}","templated":true}]}}