{"id":8204,"date":"2024-12-04T20:48:20","date_gmt":"2024-12-04T20:48:20","guid":{"rendered":"https:\/\/infozamoraec.com\/?p=8204"},"modified":"2024-12-04T20:48:20","modified_gmt":"2024-12-04T20:48:20","slug":"roberto-romero-es-el-nuevo-superintendente-de-bancos","status":"publish","type":"post","link":"https:\/\/infozamoraec.com\/index.php\/2024\/12\/04\/roberto-romero-es-el-nuevo-superintendente-de-bancos\/","title":{"rendered":"Roberto Romero es el nuevo Superintendente de Bancos"},"content":{"rendered":"<p>El\u00a0<strong><a title=\"Consejo de Participaci\u00f3n Ciudadana y Control Social\" href=\"https:\/\/x.com\/CpccsEc?ref_src=twsrc%5Etfw%7Ctwcamp%5Etweetembed%7Ctwterm%5E1864344478170911162%7Ctwgr%5E79c7a0688ff4e202ae3a4ee128cc50b9d491c7cd%7Ctwcon%5Es1_&amp;ref_url=https%3A%2F%2Fwww.eltelegrafo.com.ec%2Feconomia%2Feconomia%2F44%2Froberto-romero-von-buchwald-nombrado\" target=\"_blank\" rel=\"noopener\">Consejo de Participaci\u00f3n Ciudadana y Control Social<\/a>\u00a0<\/strong>(<strong>CPCCS<\/strong>) eligi\u00f3 a\u00a0<strong>Roberto Romero Von Buchwald<\/strong>\u00a0como nuevo superintendente de Bancos. Con esto, el nuevo rector del organismo regulador del sistema financiero nacional deber\u00e1 ser posesionado por la\u00a0<strong>Asamblea Nacional<\/strong>.<img decoding=\"async\" src=\"https:\/\/servedby.revive-adserver.net\/lg.php?bannerid=0&amp;campaignid=0&amp;zoneid=2931&amp;loc=https%3A%2F%2Fwww.larepublica.ec%2Fblog%2F2024%2F12%2F04%2Froberto-romero-es-el-nuevo-superintendente-de-bancos%2F&amp;referer=https%3A%2F%2Fwww.larepublica.ec%2F&amp;cb=e17a241ef0\" alt=\"\" width=\"0\" height=\"0\" \/><\/p>\n<p><strong>Romero Von Buchwald<\/strong>\u00a0era el primero en la terna enviada por el presidente\u00a0<strong>Daniel Noboa<\/strong>. En esta tambi\u00e9n estaban\u00a0<strong>Christian Mera<\/strong>\u00a0y\u00a0<strong>Jenny S\u00e1nchez<\/strong>.<\/p>\n<p>Los consejeros oyeron los planes de trabajo de los candidatos y determinaron que\u00a0<strong>Romero Von Buchwald<\/strong>\u00a0sea el escogido para comandar la Superintendencia de Bancos, con base en \u201csu preparaci\u00f3n profesional, experiencia y el plan de trabajo que present\u00f3 para la instituci\u00f3n\u201d.<\/p>\n<p>El nuevo superintendente de Bancos dijo que los cinco ejes de su plan de trabajo, que consistir\u00e1n en supervisi\u00f3n prudencial (riesgos y prevenci\u00f3n con implementaci\u00f3n de tecnolog\u00eda); modernizaci\u00f3n de la instituci\u00f3n; inclusi\u00f3n de la educaci\u00f3n financiera; normativa eficaz y salida a la coyuntura econ\u00f3mica actual y futura.<\/p>\n<p><strong>Romero Von Buchwald<\/strong>\u00a0ya hab\u00eda sigo elegido como superintendente de Bancos en diciembre del 2022. No pudo ser posesionado en el cargo por la\u00a0<strong><a title=\"Asamblea Nacional\" href=\"https:\/\/www.larepublica.ec\/blog\/2024\/10\/27\/por-unanimidad-asamblea-nacional-aprueba-ley-energetica-de-noboa\/\" target=\"_blank\" rel=\"noopener\">Asamblea Nacional<\/a><\/strong> y en julio de este a\u00f1o el Legislativo lo llam\u00f3 para asumir el mando, que declin\u00f3 por motivos profesionales.<\/p>\n<p>Seg\u00fan\u00a0<strong>El Tel\u00e9grafo<\/strong>, en octubre de este a\u00f1o, el economista de profesi\u00f3n y una amplia trayectoria en el sector p\u00fablico y privado, volvi\u00f3 a encabezar la terna enviada por el Ejecutivo.<\/p>\n","protected":false},"excerpt":{"rendered":"<p>El\u00a0Consejo de Participaci\u00f3n Ciudadana y Control Social\u00a0(CPCCS) eligi\u00f3 a\u00a0Roberto Romero Von Buchwald\u00a0como nuevo superintendente de Bancos. Con esto, el nuevo rector del organismo regulador del sistema financiero nacional deber\u00e1 ser posesionado por la\u00a0Asamblea Nacional. Romero Von Buchwald\u00a0era el primero en la terna enviada por el presidente\u00a0Daniel Noboa. En esta tambi\u00e9n estaban\u00a0Christian Mera\u00a0y\u00a0Jenny S\u00e1nchez. Los consejeros [&hellip;]<\/p>\n","protected":false},"author":1,"featured_media":8205,"comment_status":"open","ping_status":"open","sticky":false,"template":"","format":"standard","meta":{"footnotes":""},"categories":[12],"tags":[],"_links":{"self":[{"href":"https:\/\/infozamoraec.com\/index.php\/wp-json\/wp\/v2\/posts\/8204"}],"collection":[{"href":"https:\/\/infozamoraec.com\/index.php\/wp-json\/wp\/v2\/posts"}],"about":[{"href":"https:\/\/infozamoraec.com\/index.php\/wp-json\/wp\/v2\/types\/post"}],"author":[{"embeddable":true,"href":"https:\/\/infozamoraec.com\/index.php\/wp-json\/wp\/v2\/users\/1"}],"replies":[{"embeddable":true,"href":"https:\/\/infozamoraec.com\/index.php\/wp-json\/wp\/v2\/comments?post=8204"}],"version-history":[{"count":1,"href":"https:\/\/infozamoraec.com\/index.php\/wp-json\/wp\/v2\/posts\/8204\/revisions"}],"predecessor-version":[{"id":8206,"href":"https:\/\/infozamoraec.com\/index.php\/wp-json\/wp\/v2\/posts\/8204\/revisions\/8206"}],"wp:featuredmedia":[{"embeddable":true,"href":"https:\/\/infozamoraec.com\/index.php\/wp-json\/wp\/v2\/media\/8205"}],"wp:attachment":[{"href":"https:\/\/infozamoraec.com\/index.php\/wp-json\/wp\/v2\/media?parent=8204"}],"wp:term":[{"taxonomy":"category","embeddable":true,"href":"https:\/\/infozamoraec.com\/index.php\/wp-json\/wp\/v2\/categories?post=8204"},{"taxonomy":"post_tag","embeddable":true,"href":"https:\/\/infozamoraec.com\/index.php\/wp-json\/wp\/v2\/tags?post=8204"}],"curies":[{"name":"wp","href":"https:\/\/api.w.org\/{rel}","templated":true}]}}