{"id":8184,"date":"2024-12-03T20:50:35","date_gmt":"2024-12-03T20:50:35","guid":{"rendered":"https:\/\/infozamoraec.com\/?p=8184"},"modified":"2024-12-03T20:50:35","modified_gmt":"2024-12-03T20:50:35","slug":"sequia-volvio-al-rio-coca-y-provoco-que-la-central-coca-codo-sinclair-entregue-solo-380-megavatios","status":"publish","type":"post","link":"https:\/\/infozamoraec.com\/index.php\/2024\/12\/03\/sequia-volvio-al-rio-coca-y-provoco-que-la-central-coca-codo-sinclair-entregue-solo-380-megavatios\/","title":{"rendered":"Sequ\u00eda volvi\u00f3 al r\u00edo Coca y provoc\u00f3 que la Central Coca Codo Sinclair entregue solo 380 megavatios"},"content":{"rendered":"<p>El caudal del r\u00edo Coca volvi\u00f3 a caer, despu\u00e9s de una semana de lluvias, la sequ\u00eda volvi\u00f3 al r\u00edo. A las 10h00 de este lunes la hidroel\u00e9ctrica m\u00e1s grande del pa\u00eds, Coca Codo Sinclair, solo pudo generar 380 megavatios de los 1 500 que tiene de capacidad.<\/p>\n<p>Es una ca\u00edda sustancial porque el s\u00e1bado esa central lleg\u00f3 a producir 1 000 megavatios y el domingo mantuvo su generaci\u00f3n por encima de los 700 megavatios. Esa generaci\u00f3n permiti\u00f3 reducir la duraci\u00f3n de los apagones del fin de semana y mantener apagadas las hidroel\u00e9ctricas del r\u00edo Paute.<\/p>\n<p>La primera consecuencia de la ca\u00edda de producci\u00f3n en Coca Codo Sinclair se vio este lunes en el complejo del Paute. Sus hidroel\u00e9ctricas Molino y Sopladora, fueron encendidas a las 09h00. Las dos produc\u00edan a esa hora m\u00e1s de 700 megavatios; funcionando al 50% de su capacidad.<\/p>\n<p>La generaci\u00f3n en esas dos hidroel\u00e9ctricas permite en este momento mantener apagada Mazar, cuyo embalse es el primero del complejo y el m\u00e1s grande en el r\u00edo Paute. As\u00ed se recupera de a poco. El CENACE aplica de esta manera la ley de los vasos comunicantes. Esta tarde prender\u00e1 Mazar para liberar agua y de as\u00ed llenar el embalse de Amaluza.<\/p>\n<p>Seg\u00fan el INAMHI, durante esta semana no habr\u00e1 lluvias significativas en los r\u00edos Coca y Paute. Esto afectar\u00e1 la generaci\u00f3n en Coca Codo Sinclair, que solo se incrementa si llueve, pues no tiene embalse. En ese caso, se tienen que prender las hidroel\u00e9ctricas del Paute y por ende afectar sus reservas de agua.<\/p>\n","protected":false},"excerpt":{"rendered":"<p>El caudal del r\u00edo Coca volvi\u00f3 a caer, despu\u00e9s de una semana de lluvias, la sequ\u00eda volvi\u00f3 al r\u00edo. A las 10h00 de este lunes la hidroel\u00e9ctrica m\u00e1s grande del pa\u00eds, Coca Codo Sinclair, solo pudo generar 380 megavatios de los 1 500 que tiene de capacidad. Es una ca\u00edda sustancial porque el s\u00e1bado esa [&hellip;]<\/p>\n","protected":false},"author":1,"featured_media":8185,"comment_status":"open","ping_status":"open","sticky":false,"template":"","format":"standard","meta":{"footnotes":""},"categories":[12],"tags":[],"_links":{"self":[{"href":"https:\/\/infozamoraec.com\/index.php\/wp-json\/wp\/v2\/posts\/8184"}],"collection":[{"href":"https:\/\/infozamoraec.com\/index.php\/wp-json\/wp\/v2\/posts"}],"about":[{"href":"https:\/\/infozamoraec.com\/index.php\/wp-json\/wp\/v2\/types\/post"}],"author":[{"embeddable":true,"href":"https:\/\/infozamoraec.com\/index.php\/wp-json\/wp\/v2\/users\/1"}],"replies":[{"embeddable":true,"href":"https:\/\/infozamoraec.com\/index.php\/wp-json\/wp\/v2\/comments?post=8184"}],"version-history":[{"count":1,"href":"https:\/\/infozamoraec.com\/index.php\/wp-json\/wp\/v2\/posts\/8184\/revisions"}],"predecessor-version":[{"id":8186,"href":"https:\/\/infozamoraec.com\/index.php\/wp-json\/wp\/v2\/posts\/8184\/revisions\/8186"}],"wp:featuredmedia":[{"embeddable":true,"href":"https:\/\/infozamoraec.com\/index.php\/wp-json\/wp\/v2\/media\/8185"}],"wp:attachment":[{"href":"https:\/\/infozamoraec.com\/index.php\/wp-json\/wp\/v2\/media?parent=8184"}],"wp:term":[{"taxonomy":"category","embeddable":true,"href":"https:\/\/infozamoraec.com\/index.php\/wp-json\/wp\/v2\/categories?post=8184"},{"taxonomy":"post_tag","embeddable":true,"href":"https:\/\/infozamoraec.com\/index.php\/wp-json\/wp\/v2\/tags?post=8184"}],"curies":[{"name":"wp","href":"https:\/\/api.w.org\/{rel}","templated":true}]}}