{"id":8181,"date":"2024-12-03T20:48:57","date_gmt":"2024-12-03T20:48:57","guid":{"rendered":"https:\/\/infozamoraec.com\/?p=8181"},"modified":"2024-12-03T20:48:57","modified_gmt":"2024-12-03T20:48:57","slug":"jorge-glas-consigue-un-octavo-diferimiento-del-llamado-a-juicio-por-la-corrupcion-en-la-reconstruccion-de-manabi","status":"publish","type":"post","link":"https:\/\/infozamoraec.com\/index.php\/2024\/12\/03\/jorge-glas-consigue-un-octavo-diferimiento-del-llamado-a-juicio-por-la-corrupcion-en-la-reconstruccion-de-manabi\/","title":{"rendered":"Jorge Glas consigue un octavo diferimiento del llamado a juicio por la corrupci\u00f3n en la reconstrucci\u00f3n de Manab\u00ed"},"content":{"rendered":"<p>La instalaci\u00f3n de esta audiencia ha sido reiteradamente accidentada por las defensas, desde mayo de 2024. Para el 3 de diciembre de 2024, Inga hab\u00eda convocado al octavo intento de inicio de esta diligencia.<\/p>\n<p>Sin embargo, esta vez, nuevamente hubo inconvenientes. Ni Glas ni su abogada, Vanessa Pullas, se presentaron a la audiencia, que hab\u00eda sido convocada para realizarse de manera presencial. Glas est\u00e1 preso en la C\u00e1rcel de M\u00e1xima Seguridad La Roca, en Guayaquil, desde abril de 2024.<\/p>\n<p>En la v\u00edspera de instalaci\u00f3n, la tarde del 2 de diciembre, Glas present\u00f3 un escrito solicitando un nuevo diferimiento, ya que su abogada estar\u00eda internada en una casa de salud privada de Santo Domingo de los Ts\u00e1chilas para lo que present\u00f3 un certificado m\u00e9dico asociado a una insuficiencia renal.<\/p>\n<p>La fiscal Salazar se opuso al diferimiento. Hizo notar que el certificado presentado por Glas es una copia simple, no procede de una entidad de salud p\u00fablica ni est\u00e1 avalado. Por lo que consider\u00f3 que se trata de una nueva maniobra de dilaci\u00f3n.<\/p>\n<p>Por esta raz\u00f3n, Salazar solicit\u00f3 que la defensa de Glas sea asumida por Diego Jaya, abogado de la Defensor\u00eda P\u00fablica. Esta petici\u00f3n fue respaldada por la Procuradur\u00eda y el Consejo de Participaci\u00f3n Ciudadana (CPCCS), como acusadores particulares.<\/p>\n<p>Ante esta situaci\u00f3n, Inga indic\u00f3 que el certificado m\u00e9dico emitido por un ente privado no cumple con la normativa y no es suficiente para ejecutar un nuevo diferimiento. Por lo que acogi\u00f3 el pedido de la Fiscal\u00eda y dispuso que Jaya represente al exvicepresidente.<\/p>\n<p>Sin embargo, Jaya contest\u00f3 que no estaba preparado para asumir la defensa de Glas y pidi\u00f3 un tiempo prudencial para prepararse y empaparse del caso. De esta manera, Inga resolvi\u00f3 un octavo diferimiento de la audiencia y la convoc\u00f3 para el 11 de diciembre de 2024, a las 08:00.<\/p>\n","protected":false},"excerpt":{"rendered":"<p>La instalaci\u00f3n de esta audiencia ha sido reiteradamente accidentada por las defensas, desde mayo de 2024. Para el 3 de diciembre de 2024, Inga hab\u00eda convocado al octavo intento de inicio de esta diligencia. Sin embargo, esta vez, nuevamente hubo inconvenientes. Ni Glas ni su abogada, Vanessa Pullas, se presentaron a la audiencia, que hab\u00eda [&hellip;]<\/p>\n","protected":false},"author":1,"featured_media":8182,"comment_status":"open","ping_status":"open","sticky":false,"template":"","format":"standard","meta":{"footnotes":""},"categories":[12],"tags":[],"_links":{"self":[{"href":"https:\/\/infozamoraec.com\/index.php\/wp-json\/wp\/v2\/posts\/8181"}],"collection":[{"href":"https:\/\/infozamoraec.com\/index.php\/wp-json\/wp\/v2\/posts"}],"about":[{"href":"https:\/\/infozamoraec.com\/index.php\/wp-json\/wp\/v2\/types\/post"}],"author":[{"embeddable":true,"href":"https:\/\/infozamoraec.com\/index.php\/wp-json\/wp\/v2\/users\/1"}],"replies":[{"embeddable":true,"href":"https:\/\/infozamoraec.com\/index.php\/wp-json\/wp\/v2\/comments?post=8181"}],"version-history":[{"count":1,"href":"https:\/\/infozamoraec.com\/index.php\/wp-json\/wp\/v2\/posts\/8181\/revisions"}],"predecessor-version":[{"id":8183,"href":"https:\/\/infozamoraec.com\/index.php\/wp-json\/wp\/v2\/posts\/8181\/revisions\/8183"}],"wp:featuredmedia":[{"embeddable":true,"href":"https:\/\/infozamoraec.com\/index.php\/wp-json\/wp\/v2\/media\/8182"}],"wp:attachment":[{"href":"https:\/\/infozamoraec.com\/index.php\/wp-json\/wp\/v2\/media?parent=8181"}],"wp:term":[{"taxonomy":"category","embeddable":true,"href":"https:\/\/infozamoraec.com\/index.php\/wp-json\/wp\/v2\/categories?post=8181"},{"taxonomy":"post_tag","embeddable":true,"href":"https:\/\/infozamoraec.com\/index.php\/wp-json\/wp\/v2\/tags?post=8181"}],"curies":[{"name":"wp","href":"https:\/\/api.w.org\/{rel}","templated":true}]}}