{"id":8169,"date":"2024-12-03T20:26:47","date_gmt":"2024-12-03T20:26:47","guid":{"rendered":"https:\/\/infozamoraec.com\/?p=8169"},"modified":"2024-12-03T20:40:34","modified_gmt":"2024-12-03T20:40:34","slug":"el-parque-nacional-podocarpus-se-prepara-para-celebrar-su-42o-aniversario","status":"publish","type":"post","link":"https:\/\/infozamoraec.com\/index.php\/2024\/12\/03\/el-parque-nacional-podocarpus-se-prepara-para-celebrar-su-42o-aniversario\/","title":{"rendered":"El Parque Nacional Podocarpus se prepara para celebrar su 42\u00ba aniversario"},"content":{"rendered":"<p>El Parque Nacional Podocarpus, un tesoro natural de Ecuador, se alista para conmemorar su 42\u00ba aniversario el pr\u00f3ximo 15 de diciembre de 2024. En una rueda de prensa, las autoridades de\u00a0 Zamora Chinchipe presentaron la agenda de actividades programadas para celebrar esta fecha significativa, para la conservaci\u00f3n de la biodiversidad.<\/p>\n<p>Las celebraciones comenzar\u00e1n el 10 de diciembre con una jornada de recolecci\u00f3n de desechos en la v\u00eda Zamora-Loja, seguida de una caminata ambiental y una jornada de sensibilizaci\u00f3n en el parque el 12 de diciembre. El evento culminar\u00e1 el 14 de diciembre con el \u201cGran Duatl\u00f3n 10K Podocarpus Vivo\u201d, una actividad deportiva que busca involucrar a la comunidad en la conservaci\u00f3n del entorno natural.<\/p>\n<p>Adem\u00e1s, se lanzar\u00e1 la campa\u00f1a \u201cNo Arranques la Piel de los Bosques\u201d, una iniciativa del MAATE que busca concienciar a la ciudadan\u00eda sobre el uso de materiales alternativos durante la temporada navide\u00f1a, promoviendo la conservaci\u00f3n de los bosques nativos y evitando la extracci\u00f3n de especies no maderables.<\/p>\n<p>Francisco Mes\u00edas, gobernador de Zamora Chinchipe, reafirm\u00f3 su compromiso con la seguridad y conservaci\u00f3n de la biodiversidad del parque, mientras que Karla Re\u00e1tegui, prefecta de la provincia, destac\u00f3 la importancia de promover una producci\u00f3n sostenible que respete el patrimonio natural y cultural del \u00e1rea.<\/p>\n<p>El Parque Nacional Podocarpus, considerado un inmenso jard\u00edn bot\u00e1nico y h\u00e1bitat de diversas especies de mam\u00edferos, contin\u00faa siendo un s\u00edmbolo de la riqueza natural de Ecuador y un ejemplo de esfuerzo colectivo por su preservaci\u00f3n. Las autoridades invitan a la comunidad a participar en las actividades programadas y a unirse en la celebraci\u00f3n de este importante aniversario.<\/p>\n<p>Dato:<\/p>\n<p>Desde su creaci\u00f3n en 1982, el Parque Nacional Podocarpus ha sido reconocido a nivel mundial por su rica biodiversidad, recibiendo dos importantes distinciones internacionales: la designaci\u00f3n como parte de la Reserva de Bi\u00f3sfera Podocarpus-El C\u00f3ndor en 2007 y la declaraci\u00f3n de las Lagunas del Compadre como Sitio Ramsar en 2012. Julio Jaramillo, director zonal 10 del Ministerio del Ambiente, Agua y Transici\u00f3n Ecol\u00f3gica (MAATE), enfatiz\u00f3 que el parque es un \u00e1rea clave para las estrategias de conectividad en el sur ecuatoriano<\/p>\n","protected":false},"excerpt":{"rendered":"<p>El Parque Nacional Podocarpus, un tesoro natural de Ecuador, se alista para conmemorar su 42\u00ba aniversario el pr\u00f3ximo 15 de diciembre de 2024. En una rueda de prensa, las autoridades de\u00a0 Zamora Chinchipe presentaron la agenda de actividades programadas para celebrar esta fecha significativa, para la conservaci\u00f3n de la biodiversidad. Las celebraciones comenzar\u00e1n el 10 [&hellip;]<\/p>\n","protected":false},"author":1,"featured_media":8172,"comment_status":"open","ping_status":"open","sticky":false,"template":"","format":"standard","meta":{"footnotes":""},"categories":[9],"tags":[],"_links":{"self":[{"href":"https:\/\/infozamoraec.com\/index.php\/wp-json\/wp\/v2\/posts\/8169"}],"collection":[{"href":"https:\/\/infozamoraec.com\/index.php\/wp-json\/wp\/v2\/posts"}],"about":[{"href":"https:\/\/infozamoraec.com\/index.php\/wp-json\/wp\/v2\/types\/post"}],"author":[{"embeddable":true,"href":"https:\/\/infozamoraec.com\/index.php\/wp-json\/wp\/v2\/users\/1"}],"replies":[{"embeddable":true,"href":"https:\/\/infozamoraec.com\/index.php\/wp-json\/wp\/v2\/comments?post=8169"}],"version-history":[{"count":1,"href":"https:\/\/infozamoraec.com\/index.php\/wp-json\/wp\/v2\/posts\/8169\/revisions"}],"predecessor-version":[{"id":8173,"href":"https:\/\/infozamoraec.com\/index.php\/wp-json\/wp\/v2\/posts\/8169\/revisions\/8173"}],"wp:featuredmedia":[{"embeddable":true,"href":"https:\/\/infozamoraec.com\/index.php\/wp-json\/wp\/v2\/media\/8172"}],"wp:attachment":[{"href":"https:\/\/infozamoraec.com\/index.php\/wp-json\/wp\/v2\/media?parent=8169"}],"wp:term":[{"taxonomy":"category","embeddable":true,"href":"https:\/\/infozamoraec.com\/index.php\/wp-json\/wp\/v2\/categories?post=8169"},{"taxonomy":"post_tag","embeddable":true,"href":"https:\/\/infozamoraec.com\/index.php\/wp-json\/wp\/v2\/tags?post=8169"}],"curies":[{"name":"wp","href":"https:\/\/api.w.org\/{rel}","templated":true}]}}