{"id":8166,"date":"2024-12-03T20:06:33","date_gmt":"2024-12-03T20:06:33","guid":{"rendered":"https:\/\/infozamoraec.com\/?p=8166"},"modified":"2024-12-04T00:29:50","modified_gmt":"2024-12-04T00:29:50","slug":"por-el-dia-internacional-de-las-personas-con-discapacidad-se-efectuo-una-feria-de-emprendimientos","status":"publish","type":"post","link":"https:\/\/infozamoraec.com\/index.php\/2024\/12\/03\/por-el-dia-internacional-de-las-personas-con-discapacidad-se-efectuo-una-feria-de-emprendimientos\/","title":{"rendered":"Por el D\u00eda Internacional de las Personas con Discapacidad, se efectu\u00f3 una feria de emprendimientos."},"content":{"rendered":"<p style=\"font-weight: 400;\">Al conmemorarse el 03 de diciembre el D\u00eda Internacional de las personas con Discapacidad, se desarroll\u00f3 ayer la hora c\u00edvica de conmemoraci\u00f3n y una casa abierta de emprendimientos, donde se involucraron varias instituciones, entre ellas, la Prefectura de Zamora Chinchipe, esta actividad est\u00e1 anclada en la agenda interinstitucional por los 16 d\u00edas de activismo de la erradicaci\u00f3n de la violencia contra la mujer.<\/p>\n<p style=\"font-weight: 400;\"><strong>\u00a0<\/strong>La alcaldesa del cant\u00f3n Yantzaza, Mar\u00eda Lalangui, expres\u00f3 que la discapacidad no define a las personas,<strong>\u00a0\u201ccada d\u00eda nos ense\u00f1an el poder de la resiliencia, la empat\u00eda y nuevos retos, nosotros como autoridades tenemos que garantizar una sociedad justa, en los diferentes espacios\u201d,\u00a0<\/strong>manifest\u00f3.<\/p>\n<p style=\"font-weight: 400;\"><strong>\u00a0<\/strong>Paralelamente, en la feria de emprendimientos, la Prefectura, a trav\u00e9s del Centro de Rehabilitaci\u00f3n Integral de Baja Complejidad para Personas con Discapacidad, particip\u00f3 a los presentes la informaci\u00f3n necesaria de los servicios que ofrecen entre ellas: psicolog\u00eda, rehabilitaci\u00f3n f\u00edsica e hidroterapia, lenguaje, estimulaci\u00f3n temprana, ocupacional, servicio de odontolog\u00eda, equinoterapia. Actualmente cuenta con 72 usuarios, y los resultados son alentadores en quienes le dan uso.<\/p>\n<p style=\"font-weight: 400;\"><strong>\u00a0<\/strong>Johandra Soto, Coordinadora Provincial del Consejo Nacional para la Igualdad CONADIS, dijo que anhela que las personas sean incluidas en la sociedad y como ciudadanos se tiene la responsabilidad de crear espacios accesibles y el cumplimiento de la pol\u00edtica p\u00fablica.<\/p>\n<p style=\"font-weight: 400;\">Por su parte Yuri Alverca, t\u00e9cnica del proyecto de:<strong>\u00a0\u00abFortalecimiento de los Sistemas de Protecci\u00f3n Integral de Derechos de Igualdad en los Grupos de Atenci\u00f3n Prioritaria\u201d,\u00a0<\/strong>felicit\u00f3 a las instituciones involucradas quienes a trav\u00e9s de sus espacios ya desarrollaron la primera semana de activismo. A su vez, invit\u00f3 para el 10 de diciembre al evento por el D\u00eda Internacional de Los Derechos Humanos en Zamora.<\/p>\n","protected":false},"excerpt":{"rendered":"<p>Al conmemorarse el 03 de diciembre el D\u00eda Internacional de las personas con Discapacidad, se desarroll\u00f3 ayer la hora c\u00edvica de conmemoraci\u00f3n y una casa abierta de emprendimientos, donde se involucraron varias instituciones, entre ellas, la Prefectura de Zamora Chinchipe, esta actividad est\u00e1 anclada en la agenda interinstitucional por los 16 d\u00edas de activismo de [&hellip;]<\/p>\n","protected":false},"author":1,"featured_media":8196,"comment_status":"open","ping_status":"open","sticky":false,"template":"","format":"standard","meta":{"footnotes":""},"categories":[9],"tags":[],"_links":{"self":[{"href":"https:\/\/infozamoraec.com\/index.php\/wp-json\/wp\/v2\/posts\/8166"}],"collection":[{"href":"https:\/\/infozamoraec.com\/index.php\/wp-json\/wp\/v2\/posts"}],"about":[{"href":"https:\/\/infozamoraec.com\/index.php\/wp-json\/wp\/v2\/types\/post"}],"author":[{"embeddable":true,"href":"https:\/\/infozamoraec.com\/index.php\/wp-json\/wp\/v2\/users\/1"}],"replies":[{"embeddable":true,"href":"https:\/\/infozamoraec.com\/index.php\/wp-json\/wp\/v2\/comments?post=8166"}],"version-history":[{"count":1,"href":"https:\/\/infozamoraec.com\/index.php\/wp-json\/wp\/v2\/posts\/8166\/revisions"}],"predecessor-version":[{"id":8168,"href":"https:\/\/infozamoraec.com\/index.php\/wp-json\/wp\/v2\/posts\/8166\/revisions\/8168"}],"wp:featuredmedia":[{"embeddable":true,"href":"https:\/\/infozamoraec.com\/index.php\/wp-json\/wp\/v2\/media\/8196"}],"wp:attachment":[{"href":"https:\/\/infozamoraec.com\/index.php\/wp-json\/wp\/v2\/media?parent=8166"}],"wp:term":[{"taxonomy":"category","embeddable":true,"href":"https:\/\/infozamoraec.com\/index.php\/wp-json\/wp\/v2\/categories?post=8166"},{"taxonomy":"post_tag","embeddable":true,"href":"https:\/\/infozamoraec.com\/index.php\/wp-json\/wp\/v2\/tags?post=8166"}],"curies":[{"name":"wp","href":"https:\/\/api.w.org\/{rel}","templated":true}]}}