{"id":8163,"date":"2024-12-03T02:54:58","date_gmt":"2024-12-03T02:54:58","guid":{"rendered":"https:\/\/infozamoraec.com\/?p=8163"},"modified":"2024-12-03T02:54:58","modified_gmt":"2024-12-03T02:54:58","slug":"yantzaza-celebra-el-dia-internacional-de-las-personas-con-discapacidad","status":"publish","type":"post","link":"https:\/\/infozamoraec.com\/index.php\/2024\/12\/03\/yantzaza-celebra-el-dia-internacional-de-las-personas-con-discapacidad\/","title":{"rendered":"Yantzaza celebra el D\u00eda Internacional de las Personas con Discapacidad"},"content":{"rendered":"<p>El cant\u00f3n Yantzaza fue el escenario de un emotivo evento en conmemoraci\u00f3n del <strong>D\u00eda Internacional de las Personas con Discapacidad<\/strong>, celebrado este 02 de diciembre.<\/p>\n<p>La celebraci\u00f3n incluy\u00f3 diversas actividades culturales, musicales, una casa abierta y conferencias, con la participaci\u00f3n de instituciones educativas especializadas y autoridades locales.<\/p>\n<p>La alcaldesa <strong>Mar\u00eda Lalangui<\/strong>\u00a0dio la bienvenida a las organizaciones presentes, destacando el compromiso conjunto de trabajar en favor de los sectores vulnerables.<\/p>\n<p>En este sentido, la Alcaldesa de Yantzaza enfatiz\u00f3 su labor en promover espacios de inclusi\u00f3n a trav\u00e9s de programas en colaboraci\u00f3n con el MIES.<\/p>\n<p>Por otro lado, el Gobernador de Zamora Chinchipe, <strong>Francisco Mes\u00edas Hidalgo<\/strong>, tambi\u00e9n particip\u00f3 en el evento, compartiendo su experiencia en un evento que describi\u00f3 como \u00ablleno de fuerza, unidad y esperanza\u00bb.<\/p>\n<p>En su cuenta de Facebook, Hidalgo resalt\u00f3 la importancia del evento c\u00edvico y la necesidad de seguir luchando por un mundo accesible y libre de barreras f\u00edsicas, sociales y culturales.<\/p>\n<p>Durante su intervenci\u00f3n, el Gobernador subray\u00f3 que es fundamental reconocer los derechos de las personas con discapacidad, quienes poseen sue\u00f1os y talentos que pueden contribuir significativamente a la sociedad.<\/p>\n<p>La jornada tambi\u00e9n incluy\u00f3 una exhibici\u00f3n de stands dedicados a emprendimientos locales, lo que subray\u00f3 a\u00fan m\u00e1s el objetivo com\u00fan de promover una sociedad m\u00e1s inclusiva y equitativa para todos.<\/p>\n","protected":false},"excerpt":{"rendered":"<p>El cant\u00f3n Yantzaza fue el escenario de un emotivo evento en conmemoraci\u00f3n del D\u00eda Internacional de las Personas con Discapacidad, celebrado este 02 de diciembre. La celebraci\u00f3n incluy\u00f3 diversas actividades culturales, musicales, una casa abierta y conferencias, con la participaci\u00f3n de instituciones educativas especializadas y autoridades locales. La alcaldesa Mar\u00eda Lalangui\u00a0dio la bienvenida a las [&hellip;]<\/p>\n","protected":false},"author":1,"featured_media":8164,"comment_status":"open","ping_status":"open","sticky":false,"template":"","format":"standard","meta":{"footnotes":""},"categories":[9],"tags":[],"_links":{"self":[{"href":"https:\/\/infozamoraec.com\/index.php\/wp-json\/wp\/v2\/posts\/8163"}],"collection":[{"href":"https:\/\/infozamoraec.com\/index.php\/wp-json\/wp\/v2\/posts"}],"about":[{"href":"https:\/\/infozamoraec.com\/index.php\/wp-json\/wp\/v2\/types\/post"}],"author":[{"embeddable":true,"href":"https:\/\/infozamoraec.com\/index.php\/wp-json\/wp\/v2\/users\/1"}],"replies":[{"embeddable":true,"href":"https:\/\/infozamoraec.com\/index.php\/wp-json\/wp\/v2\/comments?post=8163"}],"version-history":[{"count":1,"href":"https:\/\/infozamoraec.com\/index.php\/wp-json\/wp\/v2\/posts\/8163\/revisions"}],"predecessor-version":[{"id":8165,"href":"https:\/\/infozamoraec.com\/index.php\/wp-json\/wp\/v2\/posts\/8163\/revisions\/8165"}],"wp:featuredmedia":[{"embeddable":true,"href":"https:\/\/infozamoraec.com\/index.php\/wp-json\/wp\/v2\/media\/8164"}],"wp:attachment":[{"href":"https:\/\/infozamoraec.com\/index.php\/wp-json\/wp\/v2\/media?parent=8163"}],"wp:term":[{"taxonomy":"category","embeddable":true,"href":"https:\/\/infozamoraec.com\/index.php\/wp-json\/wp\/v2\/categories?post=8163"},{"taxonomy":"post_tag","embeddable":true,"href":"https:\/\/infozamoraec.com\/index.php\/wp-json\/wp\/v2\/tags?post=8163"}],"curies":[{"name":"wp","href":"https:\/\/api.w.org\/{rel}","templated":true}]}}