{"id":8131,"date":"2024-12-01T21:06:49","date_gmt":"2024-12-01T21:06:49","guid":{"rendered":"https:\/\/infozamoraec.com\/?p=8131"},"modified":"2024-12-01T21:11:17","modified_gmt":"2024-12-01T21:11:17","slug":"accidente-de-transito-en-la-via-dorado-guayzimi","status":"publish","type":"post","link":"https:\/\/infozamoraec.com\/index.php\/2024\/12\/01\/accidente-de-transito-en-la-via-dorado-guayzimi\/","title":{"rendered":"Accidente de Tr\u00e1nsito en la V\u00eda Dorado &#8211; Guayzimi"},"content":{"rendered":"<p>Este\u00a0 1 de diciembre de 2024,cerca de las 12:00, se report\u00f3 un choque frontal angular en la v\u00eda Dorado Guayzimi, espec\u00edficamente en el sector La Independencia.<\/p>\n<p>El incidente involucr\u00f3 a dos veh\u00edculos, un jeep y una camioneta, pero afortunadamente no se registraron heridos ni fallecidos.<\/p>\n<p>Los veh\u00edculos participantes fueron:<\/p>\n<ul class=\"marker:text-textOff list-disc pl-8\">\n<li><strong>Veh\u00edculo 1<\/strong>: Jeep Hyundai, color negro, con placas PBM4030. El conductor fue <strong>Marco Fabi\u00e1n C. C.<\/strong>.<\/li>\n<li><strong>Veh\u00edculo 2<\/strong>: Camioneta doble cabina Toyota, con placas LBA6457, color plomo. El conductor fue <strong>Diego Gabriel J. Ch.<\/strong>.<\/li>\n<\/ul>\n<p>La Polic\u00eda Nacional del Ecuador recibi\u00f3 la alerta a trav\u00e9s del Ecu-911 y se dirigi\u00f3 al lugar para verificar el accidente. A pesar de los da\u00f1os materiales en los veh\u00edculos involucrados, no hubo consecuencias personales que lamentar.<\/p>\n<p>Seg\u00fan el parte policial, se coordin\u00f3 con gr\u00faas particulares para el traslado de los veh\u00edculos da\u00f1ados hasta los patios de retenci\u00f3n vehicular de Zamora.<\/p>\n<p>Las autoridades investigan las circunstancias del accidente para determinar las causas del mismo.<\/p>\n","protected":false},"excerpt":{"rendered":"<p>Este\u00a0 1 de diciembre de 2024,cerca de las 12:00, se report\u00f3 un choque frontal angular en la v\u00eda Dorado Guayzimi, espec\u00edficamente en el sector La Independencia. El incidente involucr\u00f3 a dos veh\u00edculos, un jeep y una camioneta, pero afortunadamente no se registraron heridos ni fallecidos. Los veh\u00edculos participantes fueron: Veh\u00edculo 1: Jeep Hyundai, color negro, [&hellip;]<\/p>\n","protected":false},"author":1,"featured_media":8132,"comment_status":"open","ping_status":"open","sticky":false,"template":"","format":"standard","meta":{"footnotes":""},"categories":[9],"tags":[],"_links":{"self":[{"href":"https:\/\/infozamoraec.com\/index.php\/wp-json\/wp\/v2\/posts\/8131"}],"collection":[{"href":"https:\/\/infozamoraec.com\/index.php\/wp-json\/wp\/v2\/posts"}],"about":[{"href":"https:\/\/infozamoraec.com\/index.php\/wp-json\/wp\/v2\/types\/post"}],"author":[{"embeddable":true,"href":"https:\/\/infozamoraec.com\/index.php\/wp-json\/wp\/v2\/users\/1"}],"replies":[{"embeddable":true,"href":"https:\/\/infozamoraec.com\/index.php\/wp-json\/wp\/v2\/comments?post=8131"}],"version-history":[{"count":1,"href":"https:\/\/infozamoraec.com\/index.php\/wp-json\/wp\/v2\/posts\/8131\/revisions"}],"predecessor-version":[{"id":8133,"href":"https:\/\/infozamoraec.com\/index.php\/wp-json\/wp\/v2\/posts\/8131\/revisions\/8133"}],"wp:featuredmedia":[{"embeddable":true,"href":"https:\/\/infozamoraec.com\/index.php\/wp-json\/wp\/v2\/media\/8132"}],"wp:attachment":[{"href":"https:\/\/infozamoraec.com\/index.php\/wp-json\/wp\/v2\/media?parent=8131"}],"wp:term":[{"taxonomy":"category","embeddable":true,"href":"https:\/\/infozamoraec.com\/index.php\/wp-json\/wp\/v2\/categories?post=8131"},{"taxonomy":"post_tag","embeddable":true,"href":"https:\/\/infozamoraec.com\/index.php\/wp-json\/wp\/v2\/tags?post=8131"}],"curies":[{"name":"wp","href":"https:\/\/api.w.org\/{rel}","templated":true}]}}