{"id":8105,"date":"2024-12-01T04:20:49","date_gmt":"2024-12-01T04:20:49","guid":{"rendered":"https:\/\/infozamoraec.com\/?p=8105"},"modified":"2024-12-01T04:20:49","modified_gmt":"2024-12-01T04:20:49","slug":"exito-en-el-concurso-de-oratoria-y-festival-de-musica-nacional-por-las-fiestas-de-palanda","status":"publish","type":"post","link":"https:\/\/infozamoraec.com\/index.php\/2024\/12\/01\/exito-en-el-concurso-de-oratoria-y-festival-de-musica-nacional-por-las-fiestas-de-palanda\/","title":{"rendered":"\u00c9xito en el concurso de oratoria y festival de M\u00fasica Nacional por las Fiestas de Palanda"},"content":{"rendered":"<p>La noche del 29 de noviembre de 2024, se llev\u00f3 a cabo con gran \u00e9xito el Concurso de Oratoria y la Final del Festival de M\u00fasica Nacional, eventos que formaron parte de la programaci\u00f3n festiva por los\u00a0<strong>27 a\u00f1os de cantonizaci\u00f3n<\/strong>\u00a0de Palanda.<\/p>\n<p>La celebraci\u00f3n reuni\u00f3 a numerosos participantes y espectadores, destacando el talento local en ambas disciplinas.<\/p>\n<p>En el concurso de oratoria, la alumna\u00a0<strong>Mayt\u00e9 Jim\u00e9nez<\/strong>\u00a0de la Unidad Educativa Valladolid se coron\u00f3 como la ganadora del primer lugar. El segundo puesto fue para\u00a0<strong>David Amari<\/strong>\u00a0de la Unidad Educativa Oriente Ecuatoriano de Palanda, mientras que el tercer lugar fue otorgado a\u00a0<strong>Wendy Jim\u00e9nez<\/strong>\u00a0de la Unidad Educativa Hernando de Benavente, ubicada en la parroquia La Canela.<\/p>\n<p>Por otro lado, en el Festival de M\u00fasica Nacional, la peque\u00f1a\u00a0<strong>Miley Ochoa<\/strong>\u00a0se destac\u00f3 al obtener el primer lugar.\u00a0<strong>Gabriela Garrido<\/strong>\u00a0ocup\u00f3 el segundo puesto, y\u00a0<strong>Britany Chuquimarca<\/strong>\u00a0se llev\u00f3 el tercer lugar.Adem\u00e1s, como parte del evento, se presentaron los alumnos de la Academia Esad y\u00a0<strong>M\u00e1ximo Vicente<\/strong>, quien fue el ganador del Festival de M\u00fasica Nacional del a\u00f1o anterior.<\/p>\n<p>La velada estuvo llena de emociones y talento, reflejando la riqueza cultural y art\u00edstica de Palanda.<\/p>\n","protected":false},"excerpt":{"rendered":"<p>La noche del 29 de noviembre de 2024, se llev\u00f3 a cabo con gran \u00e9xito el Concurso de Oratoria y la Final del Festival de M\u00fasica Nacional, eventos que formaron parte de la programaci\u00f3n festiva por los\u00a027 a\u00f1os de cantonizaci\u00f3n\u00a0de Palanda. La celebraci\u00f3n reuni\u00f3 a numerosos participantes y espectadores, destacando el talento local en ambas [&hellip;]<\/p>\n","protected":false},"author":1,"featured_media":8106,"comment_status":"open","ping_status":"open","sticky":false,"template":"","format":"standard","meta":{"footnotes":""},"categories":[9],"tags":[],"_links":{"self":[{"href":"https:\/\/infozamoraec.com\/index.php\/wp-json\/wp\/v2\/posts\/8105"}],"collection":[{"href":"https:\/\/infozamoraec.com\/index.php\/wp-json\/wp\/v2\/posts"}],"about":[{"href":"https:\/\/infozamoraec.com\/index.php\/wp-json\/wp\/v2\/types\/post"}],"author":[{"embeddable":true,"href":"https:\/\/infozamoraec.com\/index.php\/wp-json\/wp\/v2\/users\/1"}],"replies":[{"embeddable":true,"href":"https:\/\/infozamoraec.com\/index.php\/wp-json\/wp\/v2\/comments?post=8105"}],"version-history":[{"count":1,"href":"https:\/\/infozamoraec.com\/index.php\/wp-json\/wp\/v2\/posts\/8105\/revisions"}],"predecessor-version":[{"id":8107,"href":"https:\/\/infozamoraec.com\/index.php\/wp-json\/wp\/v2\/posts\/8105\/revisions\/8107"}],"wp:featuredmedia":[{"embeddable":true,"href":"https:\/\/infozamoraec.com\/index.php\/wp-json\/wp\/v2\/media\/8106"}],"wp:attachment":[{"href":"https:\/\/infozamoraec.com\/index.php\/wp-json\/wp\/v2\/media?parent=8105"}],"wp:term":[{"taxonomy":"category","embeddable":true,"href":"https:\/\/infozamoraec.com\/index.php\/wp-json\/wp\/v2\/categories?post=8105"},{"taxonomy":"post_tag","embeddable":true,"href":"https:\/\/infozamoraec.com\/index.php\/wp-json\/wp\/v2\/tags?post=8105"}],"curies":[{"name":"wp","href":"https:\/\/api.w.org\/{rel}","templated":true}]}}