{"id":8097,"date":"2024-12-01T04:12:01","date_gmt":"2024-12-01T04:12:01","guid":{"rendered":"https:\/\/infozamoraec.com\/?p=8097"},"modified":"2024-12-01T04:12:01","modified_gmt":"2024-12-01T04:12:01","slug":"accidente-de-transito-en-la-troncal-amazonica-sector-chamico","status":"publish","type":"post","link":"https:\/\/infozamoraec.com\/index.php\/2024\/12\/01\/accidente-de-transito-en-la-troncal-amazonica-sector-chamico\/","title":{"rendered":"Accidente de Tr\u00e1nsito en la Troncal Amaz\u00f3nica, Sector Chamico"},"content":{"rendered":"<p>La tarde del s\u00e1bado 30 de noviembre, se report\u00f3 un siniestro de tr\u00e1nsito en la Troncal Amaz\u00f3nica, espec\u00edficamente en el sector Chamico, en la provincia de Zamora Chinchipe.<\/p>\n<p>Seg\u00fan informaci\u00f3n recibida por nuestro medio de comunicaci\u00f3n, los organismos de socorro y la Polic\u00eda Nacional se dirigieron al lugar para prestar asistencia a los involucrados.<\/p>\n<p>A\u00fan no se han proporcionado detalles sobre el n\u00famero exacto de veh\u00edculos implicados en el accidente; sin embargo, las fotograf\u00edas tomadas en el lugar mostraron al menos\u00a0<strong>dos veh\u00edculos<\/strong> afectados, un cami\u00f3n que termin\u00f3 virado en la v\u00eda y un jeep que se sali\u00f3 de la calzada.<\/p>\n<p>Hasta el cierre de\u00a0 esta edici\u00f3n, no se confirm\u00f3\u00a0 si hubo heridos o fallecidos como resultado del siniestro.<\/p>\n<p>Las autoridades recomendaron a los conductores que manejen con precauci\u00f3n en la zona, ya que las condiciones del tr\u00e1fico podr\u00edan verse afectadas por el incidente.<\/p>\n<p>La Polic\u00eda\u00a0 Nacional realiza las investigaciones\u00a0 respecto\u00a0 a las\u00a0 causas del incidente.<\/p>\n","protected":false},"excerpt":{"rendered":"<p>La tarde del s\u00e1bado 30 de noviembre, se report\u00f3 un siniestro de tr\u00e1nsito en la Troncal Amaz\u00f3nica, espec\u00edficamente en el sector Chamico, en la provincia de Zamora Chinchipe. Seg\u00fan informaci\u00f3n recibida por nuestro medio de comunicaci\u00f3n, los organismos de socorro y la Polic\u00eda Nacional se dirigieron al lugar para prestar asistencia a los involucrados. A\u00fan [&hellip;]<\/p>\n","protected":false},"author":1,"featured_media":8098,"comment_status":"open","ping_status":"open","sticky":false,"template":"","format":"standard","meta":{"footnotes":""},"categories":[9],"tags":[],"_links":{"self":[{"href":"https:\/\/infozamoraec.com\/index.php\/wp-json\/wp\/v2\/posts\/8097"}],"collection":[{"href":"https:\/\/infozamoraec.com\/index.php\/wp-json\/wp\/v2\/posts"}],"about":[{"href":"https:\/\/infozamoraec.com\/index.php\/wp-json\/wp\/v2\/types\/post"}],"author":[{"embeddable":true,"href":"https:\/\/infozamoraec.com\/index.php\/wp-json\/wp\/v2\/users\/1"}],"replies":[{"embeddable":true,"href":"https:\/\/infozamoraec.com\/index.php\/wp-json\/wp\/v2\/comments?post=8097"}],"version-history":[{"count":2,"href":"https:\/\/infozamoraec.com\/index.php\/wp-json\/wp\/v2\/posts\/8097\/revisions"}],"predecessor-version":[{"id":8100,"href":"https:\/\/infozamoraec.com\/index.php\/wp-json\/wp\/v2\/posts\/8097\/revisions\/8100"}],"wp:featuredmedia":[{"embeddable":true,"href":"https:\/\/infozamoraec.com\/index.php\/wp-json\/wp\/v2\/media\/8098"}],"wp:attachment":[{"href":"https:\/\/infozamoraec.com\/index.php\/wp-json\/wp\/v2\/media?parent=8097"}],"wp:term":[{"taxonomy":"category","embeddable":true,"href":"https:\/\/infozamoraec.com\/index.php\/wp-json\/wp\/v2\/categories?post=8097"},{"taxonomy":"post_tag","embeddable":true,"href":"https:\/\/infozamoraec.com\/index.php\/wp-json\/wp\/v2\/tags?post=8097"}],"curies":[{"name":"wp","href":"https:\/\/api.w.org\/{rel}","templated":true}]}}