{"id":8000,"date":"2024-11-26T20:43:43","date_gmt":"2024-11-26T20:43:43","guid":{"rendered":"https:\/\/infozamoraec.com\/?p=8000"},"modified":"2024-11-26T20:47:04","modified_gmt":"2024-11-26T20:47:04","slug":"el-presidente-noboa-presenta-un-informe-de-su-primer-ano-de-gestion","status":"publish","type":"post","link":"https:\/\/infozamoraec.com\/index.php\/2024\/11\/26\/el-presidente-noboa-presenta-un-informe-de-su-primer-ano-de-gestion\/","title":{"rendered":"El presidente Noboa presenta un informe de su primer a\u00f1o de gesti\u00f3n"},"content":{"rendered":"<p>El presidente Daniel Noboa emiti\u00f3 este domingo, 24 de noviembre, un informe a la naci\u00f3n sobre los resultados del primer a\u00f1o de su gesti\u00f3n.<\/p>\n<p>\u201cHa pasado un a\u00f1o desde que tom\u00e9 la decisi\u00f3n de ser candidato a la Presidencia. Muchos me dec\u00edan que no me meta, que hab\u00eda mucha corrupci\u00f3n. El pa\u00eds estaba endeudado, que los pol\u00edticos hab\u00edan robado todo\u201d, asegur\u00f3 Noboa.<\/p>\n<p>\u201cClaro, los malos eran los protagonistas de la pel\u00edcula y no las personas de bien. Aquella inmensa mayor\u00eda de ecuatorianos trabajadores y honestos, quienes creyeron en m\u00ed y me eligieron como su presidente (&#8230;) Me compromet\u00ed en silencio, con mi conciencia y mi coraz\u00f3n, que luchar\u00eda hasta el final, que no les fallar\u00eda\u201d, continu\u00f3 el mandatario.<\/p>\n<p>Noboa se\u00f1al\u00f3 que el problema m\u00e1s urgente era la inseguridad: \u201cEl pa\u00eds estaba hundi\u00e9ndose en la delincuencia y el crimen organizado. Hab\u00eda que hacer lo que nadie antes se hab\u00eda atrevido. Declararle la guerra a los narcoterroristas y a los pol\u00edticos corruptos que los asisten\u201d.<\/p>\n<p>La ministra M\u00f3nica Palencia destac\u00f3 que como resultado del Plan F\u00e9nix \u201cse redujo los homicidios intencionales en un 18 % con respecto al mismo periodo del a\u00f1o pasado\u201d.<\/p>\n<p>El mandatario tambi\u00e9n destac\u00f3 la construcci\u00f3n de la C\u00e1rcel de la Encuentro, como una de las medidas para combatir la inseguridad.<\/p>\n<p>Respecto a la crisis energ\u00e9tica que enfrenta el pa\u00eds, detall\u00f3 la creaci\u00f3n de una ley que permite a los proyectos privados generar hasta 100 megavatios (MW) de energ\u00eda \u201cy as\u00ed dejar de depender de la energ\u00eda de las hidroel\u00e9ctricas\u201d.<\/p>\n<p>Adem\u00e1s, coment\u00f3 sobre el convenio con Jap\u00f3n para construir el parque geot\u00e9rmico en Chachimbiro, con una inversi\u00f3n de 250 millones de d\u00f3lares para generar 394 mil MV por hora al a\u00f1o.<\/p>\n<p>\u201cHasta el primer semestre de 2025 habremos adicionado 1.598 MW al sistema nacional interconectado\u201d, agreg\u00f3 Noboa.<\/p>\n<p>La ministra de Energ\u00eda (E) In\u00e9s Manzano, mencion\u00f3 la entrega de diez licencias ambientales para generar energ\u00eda el\u00e9ctrica de fuentes renovables.<\/p>\n<p>\u201cEn este primer a\u00f1o de gobierno hemos enfrentado con decisi\u00f3n a las mafias de la pol\u00edtica, el narcotr\u00e1fico, y la corrupci\u00f3n que tanto han lastimado a nuestra gente. (&#8230;) Quiero agradecerles por todo su apoyo en este primer a\u00f1o de gobierno\u201c, concluy\u00f3 el mandatario.<\/p>\n","protected":false},"excerpt":{"rendered":"<p>El presidente Daniel Noboa emiti\u00f3 este domingo, 24 de noviembre, un informe a la naci\u00f3n sobre los resultados del primer a\u00f1o de su gesti\u00f3n. \u201cHa pasado un a\u00f1o desde que tom\u00e9 la decisi\u00f3n de ser candidato a la Presidencia. Muchos me dec\u00edan que no me meta, que hab\u00eda mucha corrupci\u00f3n. El pa\u00eds estaba endeudado, que [&hellip;]<\/p>\n","protected":false},"author":1,"featured_media":8001,"comment_status":"open","ping_status":"open","sticky":false,"template":"","format":"standard","meta":{"footnotes":""},"categories":[12],"tags":[],"_links":{"self":[{"href":"https:\/\/infozamoraec.com\/index.php\/wp-json\/wp\/v2\/posts\/8000"}],"collection":[{"href":"https:\/\/infozamoraec.com\/index.php\/wp-json\/wp\/v2\/posts"}],"about":[{"href":"https:\/\/infozamoraec.com\/index.php\/wp-json\/wp\/v2\/types\/post"}],"author":[{"embeddable":true,"href":"https:\/\/infozamoraec.com\/index.php\/wp-json\/wp\/v2\/users\/1"}],"replies":[{"embeddable":true,"href":"https:\/\/infozamoraec.com\/index.php\/wp-json\/wp\/v2\/comments?post=8000"}],"version-history":[{"count":1,"href":"https:\/\/infozamoraec.com\/index.php\/wp-json\/wp\/v2\/posts\/8000\/revisions"}],"predecessor-version":[{"id":8002,"href":"https:\/\/infozamoraec.com\/index.php\/wp-json\/wp\/v2\/posts\/8000\/revisions\/8002"}],"wp:featuredmedia":[{"embeddable":true,"href":"https:\/\/infozamoraec.com\/index.php\/wp-json\/wp\/v2\/media\/8001"}],"wp:attachment":[{"href":"https:\/\/infozamoraec.com\/index.php\/wp-json\/wp\/v2\/media?parent=8000"}],"wp:term":[{"taxonomy":"category","embeddable":true,"href":"https:\/\/infozamoraec.com\/index.php\/wp-json\/wp\/v2\/categories?post=8000"},{"taxonomy":"post_tag","embeddable":true,"href":"https:\/\/infozamoraec.com\/index.php\/wp-json\/wp\/v2\/tags?post=8000"}],"curies":[{"name":"wp","href":"https:\/\/api.w.org\/{rel}","templated":true}]}}