{"id":7997,"date":"2024-11-26T20:41:04","date_gmt":"2024-11-26T20:41:04","guid":{"rendered":"https:\/\/infozamoraec.com\/?p=7997"},"modified":"2024-11-26T20:41:04","modified_gmt":"2024-11-26T20:41:04","slug":"en-encuentro-nacional-de-mujeres-se-condena-la-ciberviolencia-ciberacoso-violencia-mediatica-y-violencia-de-genero-en-internet","status":"publish","type":"post","link":"https:\/\/infozamoraec.com\/index.php\/2024\/11\/26\/en-encuentro-nacional-de-mujeres-se-condena-la-ciberviolencia-ciberacoso-violencia-mediatica-y-violencia-de-genero-en-internet\/","title":{"rendered":"En encuentro nacional de mujeres se condena la ciberviolencia, ciberacoso, violencia medi\u00e1tica y violencia de g\u00e9nero en internet"},"content":{"rendered":"<p>En el D\u00eda Internacional de la Eliminaci\u00f3n de la Violencia contra la Mujer, la Asamblea Nacional abri\u00f3 las puertas del sal\u00f3n plenario para recibir a mujeres que hoy ocupan cargos de elecci\u00f3n popular para mostrar la gesti\u00f3n realizada para erradicar la violencia de g\u00e9nero en el pa\u00eds.<\/p>\n<p>La presidenta del Legislativo, Viviana Veloz, inaugur\u00f3 el encuentro nacional de mujeres denominado \u201cAlto a la violencia: juntas nos cuidamos\u201d. En ese escenario dijo que este 25 de noviembre sea un canto a la libertad, un canto a la hermandad, a la rebeld\u00eda, y las invit\u00f3 a seguir construyendo su propia historia, sin miedo y sin permiso de nadie.<\/p>\n<p>Veloz se\u00f1al\u00f3 que el espiral de violencia no se puede omitir este 25 de noviembre, as\u00ed como no se puede olvidar a todas y cada una de las mujeres que han sido v\u00edctimas de ciberviolencia, ciberacoso, violencia medi\u00e1tica, violencia de g\u00e9nero en el internet; activados en el Ecuador bajo \u00f3rdenes emitidas por pol\u00edticos y periodistas, y ejecutadas por equipos organizados y financiados de ej\u00e9rcitos de troles, granjas de bots y todo un sistema virtual de odio, cuyo \u00fanico objetivo es torcer el sentido com\u00fan de una sociedad y manipular el imaginario colectivo para fines de degradaci\u00f3n de la dignidad y del buen nombre de las mujeres en pol\u00edtica.<\/p>\n<p>La presidenta de la Asamblea solicit\u00f3 a ONU Mujeres liderar pronto un comunicado y pronunciarse sobre la violencia digital, hoy reconocida gracias a miles de chats, porque esa ciberviolencia se disfraza con masivos ataques orquestados y planificados como presunto periodismo de investigaci\u00f3n, o supuesta lucha y fiscalizaci\u00f3n contra la corrupci\u00f3n a trav\u00e9s de las redes, utilizando el andamiaje medi\u00e1tico, agrediendo masivamente para difamar, para despreciar, injuriar, deshonrar, humillar y atentar contra la dignidad de todas las mujeres y destruir no solo simb\u00f3lica sino psicol\u00f3gicamente a las lideresas pol\u00edticas, a las organizaciones sociales, a las opositoras pol\u00edticas, a las mujeres disidentes utilizando graves falacias.<\/p>\n<p>Cuestion\u00f3 a quienes utilizan el poder medi\u00e1tico y pol\u00edtico para acosar y violentar, a trav\u00e9s de equipos de troles. En este punto, pidi\u00f3 un minuto de silencio por Mikaela Andrade, una joven mujer que sufri\u00f3 acoso medi\u00e1tico y termin\u00f3 en suicidio.<\/p>\n<p>\u201cNo permitamos que el odio se convierta en ideolog\u00eda pol\u00edtica. M\u00e1s all\u00e1 de los apagones el\u00e9ctricos, vivimos un apag\u00f3n democr\u00e1tico (\u2026). M\u00e1s all\u00e1 de nuestras posiciones pol\u00edticas, todas debemos estar unidas para hacer respetar el Estado de derecho\u201d, anot\u00f3.<\/p>\n<p>Tras concluir el encuentro en el pleno se procedi\u00f3 a develar una placa alusiva a la violencia contra la mujer, suscrita por la presidenta de la Asamblea, Viviana Veloz, quien estuvo acompa\u00f1ada de la prefecta de Guayas, Marcela Agui\u00f1aga, y otras mujeres alcaldesas y viceprefectas del pa\u00eds.<\/p>\n<p>La placa develada fue colocada en uno de los accesos al Palacio Legislativo y contiene el siguiente texto: \u201cPor todas las mujeres que han sufrido ciberviolencia, ciberacoso, violencia medi\u00e1tica y de g\u00e9nero, a trav\u00e9s de campa\u00f1as de calumnias, hostigamiento y ataques que buscan desacreditarlas y que incluso han llevado a v\u00edctimas al suicidio. En memoria de quienes ya no est\u00e1n y por las que enfrentan este odio, exigimos respeto y justicia\u201d.<\/p>\n<p>La prefecta del Guayas, Marcela Agui\u00f1aga, dio a conocer su proyecto provincial de las Manzanas de Cuidado, y dijo que es el primer programa en el pa\u00eds que permite ayudar y reconocer a las cuidadoras de la provincia.<\/p>\n<p>A trav\u00e9s de un video, la prefecta de Pichincha, Paola Pab\u00f3n, mostr\u00f3 el centro Warmi Pichincha, n\u00famero 11, en Pedro Moncayo, el segundo en lengua kichwa. Dijo que, para marzo de 2025, Pichincha tendr\u00e1 doce centros para protecci\u00f3n de las mujeres y sus derechos.<\/p>\n<p>La alcaldesa de Ambato, Diana Caiza, comparti\u00f3 su testimonio de violencia por parte de un medio local. \u201cMuchas mujeres por miedo a los se\u00f1alamientos y las cr\u00edticas no se atreven a incursionar, pero si no le perdemos el miedo, \u00bfqui\u00e9n nos va a defender?\u201d, dijo, quien tambi\u00e9n expuso el proyecto Noviembre Violeta, para concienciar sobre la violencia contra la mujer en las escuelas y colegios.<\/p>\n<p>La viceprefecta de Imbabura, Paulina Vercoutere, se refiri\u00f3 a Warmi Imbabura, un proyecto que ofrece servicios para prevenir y erradicar la violencia de g\u00e9nero en la provincia. El proyecto est\u00e1 inspirado en las voces femeninas y es una oportunidad para, desde el Estado, contribuir a la lucha contra todo tipo de violencia.<\/p>\n<p>Vanessa Lozada, viceprefecta de Tungurahua, indic\u00f3 que el trabajo en su provincia tiene diferentes aristas; no obstante, se centra en llegar a las zonas m\u00e1s lejanas de la provincia, para capacitar y sensibilizar a los ciudadanos en el tema de violencia, a trav\u00e9s de obras de teatro que realizan los j\u00f3venes de cada comunidad.<\/p>\n","protected":false},"excerpt":{"rendered":"<p>En el D\u00eda Internacional de la Eliminaci\u00f3n de la Violencia contra la Mujer, la Asamblea Nacional abri\u00f3 las puertas del sal\u00f3n plenario para recibir a mujeres que hoy ocupan cargos de elecci\u00f3n popular para mostrar la gesti\u00f3n realizada para erradicar la violencia de g\u00e9nero en el pa\u00eds. La presidenta del Legislativo, Viviana Veloz, inaugur\u00f3 el [&hellip;]<\/p>\n","protected":false},"author":1,"featured_media":7998,"comment_status":"open","ping_status":"open","sticky":false,"template":"","format":"standard","meta":{"footnotes":""},"categories":[12],"tags":[],"_links":{"self":[{"href":"https:\/\/infozamoraec.com\/index.php\/wp-json\/wp\/v2\/posts\/7997"}],"collection":[{"href":"https:\/\/infozamoraec.com\/index.php\/wp-json\/wp\/v2\/posts"}],"about":[{"href":"https:\/\/infozamoraec.com\/index.php\/wp-json\/wp\/v2\/types\/post"}],"author":[{"embeddable":true,"href":"https:\/\/infozamoraec.com\/index.php\/wp-json\/wp\/v2\/users\/1"}],"replies":[{"embeddable":true,"href":"https:\/\/infozamoraec.com\/index.php\/wp-json\/wp\/v2\/comments?post=7997"}],"version-history":[{"count":1,"href":"https:\/\/infozamoraec.com\/index.php\/wp-json\/wp\/v2\/posts\/7997\/revisions"}],"predecessor-version":[{"id":7999,"href":"https:\/\/infozamoraec.com\/index.php\/wp-json\/wp\/v2\/posts\/7997\/revisions\/7999"}],"wp:featuredmedia":[{"embeddable":true,"href":"https:\/\/infozamoraec.com\/index.php\/wp-json\/wp\/v2\/media\/7998"}],"wp:attachment":[{"href":"https:\/\/infozamoraec.com\/index.php\/wp-json\/wp\/v2\/media?parent=7997"}],"wp:term":[{"taxonomy":"category","embeddable":true,"href":"https:\/\/infozamoraec.com\/index.php\/wp-json\/wp\/v2\/categories?post=7997"},{"taxonomy":"post_tag","embeddable":true,"href":"https:\/\/infozamoraec.com\/index.php\/wp-json\/wp\/v2\/tags?post=7997"}],"curies":[{"name":"wp","href":"https:\/\/api.w.org\/{rel}","templated":true}]}}