{"id":7993,"date":"2024-11-26T20:38:15","date_gmt":"2024-11-26T20:38:15","guid":{"rendered":"https:\/\/infozamoraec.com\/?p=7993"},"modified":"2024-11-26T20:39:34","modified_gmt":"2024-11-26T20:39:34","slug":"estamos-listos-para-cumplir-la-promesa-de-que-en-diciembre-no-habra-apagones-dice-ines-manzano","status":"publish","type":"post","link":"https:\/\/infozamoraec.com\/index.php\/2024\/11\/26\/estamos-listos-para-cumplir-la-promesa-de-que-en-diciembre-no-habra-apagones-dice-ines-manzano\/","title":{"rendered":"\u00abEstamos listos para cumplir la promesa de que en diciembre no habr\u00e1 apagones\u00bb, dice In\u00e9s Manzano"},"content":{"rendered":"<p>Seg\u00fan inform\u00f3 la Ministra de Energ\u00eda, In\u00e9s Manzano, los generadores para central Salitral llegar\u00e1n este mi\u00e9rcoles al canal de Panam\u00e1 y de ah\u00ed les tomar\u00e1 m\u00e1s o menos unas 40 horas en arribar al puerto de Guayaquil.<\/p>\n<div class=\"mh-content-ad\">\n<div id=\"beacon_8b261ed27c\"><img decoding=\"async\" src=\"https:\/\/servedby.revive-adserver.net\/lg.php?bannerid=0&amp;campaignid=0&amp;zoneid=2931&amp;loc=https%3A%2F%2Fwww.larepublica.ec%2Fblog%2F2024%2F11%2F26%2Festamos-listos-para-cumplir-la-promesa-de-que-en-diciembre-no-habra-apagones-dice-ines-manzano%2F&amp;referer=https%3A%2F%2Fwww.larepublica.ec%2F&amp;cb=8b261ed27c\" alt=\"\" width=\"0\" height=\"0\" \/>Manzano precis\u00f3 que \u00abpor ello se espera que estos equipos lleguen los primeros d\u00edas de diciembre. Son turbinas selladas y hay que instalarlas\u00bb, dijo la ministra para \u00a0TC Televisi\u00f3n.<\/div>\n<p>La demora de la entrega de las turbinas se da por los problemas de huracanes y huelga en Estados Unidos que atras\u00f3 el env\u00edo de estos equipos de la empresa Progen.<\/p>\n<\/div>\n<p>Tambi\u00e9n destac\u00f3 que igual est\u00e1n las notificaciones de incumplimiento, pero se avanza en la obra civil en el sitio donde ser\u00e1n instalados los generadores, cuyas primeras pruebas se prev\u00e9n para la segunda y tercera semana de diciembre, de acuerdo con estimaciones de la empresa contratada, a\u00f1adi\u00f3 Manzano.<\/p>\n<h2 class=\"wp-block-heading\">Los embalses<\/h2>\n<div class=\"google-auto-placed ap_container\">\n<p>La Ministra Manzano tambi\u00e9n indic\u00f3 que hay caudales que siguen deprimidos, pero tambi\u00e9n resalt\u00f3 que el embalse de la nueva hidroel\u00e9ctrica Toachi Pilat\u00f3n se ha llenado m\u00e1s r\u00e1pido de lo previsto.<\/p>\n<\/div>\n<p>La primera turbina de una de las centrales de este proyecto empezar\u00e1 a funcionar el 17 de diciembre.Y sobre si habr\u00e1 generaci\u00f3n suficiente en diciembre, la ministra de Energ\u00eda dijo que \u201ces un anhelo, una promesa que ha hecho el presidente, y estamos listos para cumplirla\u201d, concluy\u00f3 Manzano.<\/p>\n","protected":false},"excerpt":{"rendered":"<p>Seg\u00fan inform\u00f3 la Ministra de Energ\u00eda, In\u00e9s Manzano, los generadores para central Salitral llegar\u00e1n este mi\u00e9rcoles al canal de Panam\u00e1 y de ah\u00ed les tomar\u00e1 m\u00e1s o menos unas 40 horas en arribar al puerto de Guayaquil. Manzano precis\u00f3 que \u00abpor ello se espera que estos equipos lleguen los primeros d\u00edas de diciembre. Son turbinas [&hellip;]<\/p>\n","protected":false},"author":1,"featured_media":7994,"comment_status":"open","ping_status":"open","sticky":false,"template":"","format":"standard","meta":{"footnotes":""},"categories":[12],"tags":[],"_links":{"self":[{"href":"https:\/\/infozamoraec.com\/index.php\/wp-json\/wp\/v2\/posts\/7993"}],"collection":[{"href":"https:\/\/infozamoraec.com\/index.php\/wp-json\/wp\/v2\/posts"}],"about":[{"href":"https:\/\/infozamoraec.com\/index.php\/wp-json\/wp\/v2\/types\/post"}],"author":[{"embeddable":true,"href":"https:\/\/infozamoraec.com\/index.php\/wp-json\/wp\/v2\/users\/1"}],"replies":[{"embeddable":true,"href":"https:\/\/infozamoraec.com\/index.php\/wp-json\/wp\/v2\/comments?post=7993"}],"version-history":[{"count":2,"href":"https:\/\/infozamoraec.com\/index.php\/wp-json\/wp\/v2\/posts\/7993\/revisions"}],"predecessor-version":[{"id":7996,"href":"https:\/\/infozamoraec.com\/index.php\/wp-json\/wp\/v2\/posts\/7993\/revisions\/7996"}],"wp:featuredmedia":[{"embeddable":true,"href":"https:\/\/infozamoraec.com\/index.php\/wp-json\/wp\/v2\/media\/7994"}],"wp:attachment":[{"href":"https:\/\/infozamoraec.com\/index.php\/wp-json\/wp\/v2\/media?parent=7993"}],"wp:term":[{"taxonomy":"category","embeddable":true,"href":"https:\/\/infozamoraec.com\/index.php\/wp-json\/wp\/v2\/categories?post=7993"},{"taxonomy":"post_tag","embeddable":true,"href":"https:\/\/infozamoraec.com\/index.php\/wp-json\/wp\/v2\/tags?post=7993"}],"curies":[{"name":"wp","href":"https:\/\/api.w.org\/{rel}","templated":true}]}}