{"id":7989,"date":"2024-11-26T20:36:04","date_gmt":"2024-11-26T20:36:04","guid":{"rendered":"https:\/\/infozamoraec.com\/?p=7989"},"modified":"2024-11-26T20:36:04","modified_gmt":"2024-11-26T20:36:04","slug":"menores-reclutados-por-el-crimen-organizado-realidad-alarmante-en-ecuador","status":"publish","type":"post","link":"https:\/\/infozamoraec.com\/index.php\/2024\/11\/26\/menores-reclutados-por-el-crimen-organizado-realidad-alarmante-en-ecuador\/","title":{"rendered":"Menores reclutados por el crimen organizado, realidad alarmante en Ecuador"},"content":{"rendered":"<p>Cada vez es m\u00e1s frecuente escuchar a la Polic\u00eda de Ecuador decir que\u00a0<strong>detiene a ni\u00f1os y adolescentes por delitos como secuestro, extorsi\u00f3n o asesinato, y que \u00e9stos pertenecen a bandas del crimen organizado<\/strong> que operan en el pa\u00eds.<img decoding=\"async\" src=\"https:\/\/servedby.revive-adserver.net\/lg.php?bannerid=0&amp;campaignid=0&amp;zoneid=2931&amp;loc=https%3A%2F%2Fwww.larepublica.ec%2Fblog%2F2024%2F11%2F26%2Fmenores-reclutados-por-el-crimen-organizado-realidad-alarmante-en-ecuador%2F&amp;referer=https%3A%2F%2Fwww.larepublica.ec%2F&amp;cb=d3c5197b6e\" alt=\"\" width=\"0\" height=\"0\" \/><\/p>\n<p>Una realidad alarmante que se refleja en las cifras de la instituci\u00f3n, que\u00a0<strong>solo entre enero y mediados de octubre de este a\u00f1o detuvo a 3.086 menores de edad por diversos cr\u00edmenes<\/strong>, casi el doble que los 1.889 del mismo per\u00edodo de 2023 y que los 1.610 de 2022.\u00a0<strong>En los \u00faltimos cuatro a\u00f1os, 8.201 menores fueron aprehendidos.<\/strong><\/p>\n<p>Seg\u00fan la Polic\u00eda, el 63 % de las detenciones de 2024 se concentran en las provincias de Guayas y Pichincha, las m\u00e1s pobladas de Ecuador con Guayaquil y Quito como sus respectivas capitales; adem\u00e1s de las costeras El Oro, Los R\u00edos y Manab\u00ed, \u00abregiones clave para la actividad de grupos de delincuencia organizada\u00bb, especialmente vinculados al narcotr\u00e1fico.<\/p>\n<p>En un reciente caso,\u00a0<strong>tres menores que intentaban secuestrar a un comerciante fueron detenidos en un barrio del norte de Guayaquil<\/strong>.<\/p>\n<p><!--more--><\/p>\n","protected":false},"excerpt":{"rendered":"<p>Cada vez es m\u00e1s frecuente escuchar a la Polic\u00eda de Ecuador decir que\u00a0detiene a ni\u00f1os y adolescentes por delitos como secuestro, extorsi\u00f3n o asesinato, y que \u00e9stos pertenecen a bandas del crimen organizado que operan en el pa\u00eds. Una realidad alarmante que se refleja en las cifras de la instituci\u00f3n, que\u00a0solo entre enero y mediados [&hellip;]<\/p>\n","protected":false},"author":1,"featured_media":7990,"comment_status":"open","ping_status":"open","sticky":false,"template":"","format":"standard","meta":{"footnotes":""},"categories":[12],"tags":[],"_links":{"self":[{"href":"https:\/\/infozamoraec.com\/index.php\/wp-json\/wp\/v2\/posts\/7989"}],"collection":[{"href":"https:\/\/infozamoraec.com\/index.php\/wp-json\/wp\/v2\/posts"}],"about":[{"href":"https:\/\/infozamoraec.com\/index.php\/wp-json\/wp\/v2\/types\/post"}],"author":[{"embeddable":true,"href":"https:\/\/infozamoraec.com\/index.php\/wp-json\/wp\/v2\/users\/1"}],"replies":[{"embeddable":true,"href":"https:\/\/infozamoraec.com\/index.php\/wp-json\/wp\/v2\/comments?post=7989"}],"version-history":[{"count":2,"href":"https:\/\/infozamoraec.com\/index.php\/wp-json\/wp\/v2\/posts\/7989\/revisions"}],"predecessor-version":[{"id":7992,"href":"https:\/\/infozamoraec.com\/index.php\/wp-json\/wp\/v2\/posts\/7989\/revisions\/7992"}],"wp:featuredmedia":[{"embeddable":true,"href":"https:\/\/infozamoraec.com\/index.php\/wp-json\/wp\/v2\/media\/7990"}],"wp:attachment":[{"href":"https:\/\/infozamoraec.com\/index.php\/wp-json\/wp\/v2\/media?parent=7989"}],"wp:term":[{"taxonomy":"category","embeddable":true,"href":"https:\/\/infozamoraec.com\/index.php\/wp-json\/wp\/v2\/categories?post=7989"},{"taxonomy":"post_tag","embeddable":true,"href":"https:\/\/infozamoraec.com\/index.php\/wp-json\/wp\/v2\/tags?post=7989"}],"curies":[{"name":"wp","href":"https:\/\/api.w.org\/{rel}","templated":true}]}}