{"id":7937,"date":"2024-11-26T03:49:41","date_gmt":"2024-11-26T03:49:41","guid":{"rendered":"https:\/\/infozamoraec.com\/?p=7937"},"modified":"2024-11-26T03:53:13","modified_gmt":"2024-11-26T03:53:13","slug":"operativo-oriente-contra-el-trafico-de-drogas-aprehension-y-hallazgos-de-sustancias-sujetas-a-fiscalizacion-en-el-canton-zamora","status":"publish","type":"post","link":"https:\/\/infozamoraec.com\/index.php\/2024\/11\/26\/operativo-oriente-contra-el-trafico-de-drogas-aprehension-y-hallazgos-de-sustancias-sujetas-a-fiscalizacion-en-el-canton-zamora\/","title":{"rendered":"Operativo \u201cORIENTE\u201d contra el tr\u00e1fico de drogas: Aprehensi\u00f3n y hallazgos de sustancias sujetas a fiscalizaci\u00f3n en el cant\u00f3n Zamora."},"content":{"rendered":"<p>En un\u00a0 operativo ejecutado por la Jefatura de Investigaci\u00f3n Antidrogas de la Polic\u00eda Nacional de Ecuador, se desarticul\u00f3 una red de tr\u00e1fico de drogas al consumo interno. El operativo, denominado \u201cORIENTE\u201d, tuvo lugar en el sector de la Chacra, espec\u00edficamente en la intersecci\u00f3n de la Avenida El Ej\u00e9rcito.<\/p>\n<p>La intervenci\u00f3n se realiz\u00f3 en flagrancia y se complet\u00f3 con dos allanamientos en donde se procedi\u00f3 a la aprehensi\u00f3n del ciudadano Andrey A. de nacionalidad ecuatoriana, sin antecedentes penales.<\/p>\n<p>Durante el operativo, se logr\u00f3 el decomiso de las siguientes evidencias:<\/p>\n<p>\u2022 378 gramos de marihuana, equivalente a 756 dosis.<br \/>\n\u2022 Un celular.<br \/>\n\u2022 70 d\u00f3lares americanos.<br \/>\n\u2022 Una balanza digital gramera.<\/p>\n<p>El operativo se llev\u00f3 a cabo como parte de las acciones continuas para combatir el tr\u00e1fico de sustancias il\u00edcitas en la provincia, particularmente en lo que respecta al consumo interno de drogas. Con la aprehensi\u00f3n del implicado, las autoridades pretenden frenar la distribuci\u00f3n y venta de marihuana en las comunidades locales, fortaleciendo la seguridad y el orden en la provincia de Zamora-Chinchipe.<\/p>\n<p>La Polic\u00eda Nacional de Ecuador contin\u00faa trabajando de manera coordinada para enfrentar la delincuencia organizada y el tr\u00e1fico de drogas, en cumplimiento con las pol\u00edticas p\u00fablicas orientadas a garantizar la paz social y la seguridad ciudadana en el pa\u00eds.<\/p>\n","protected":false},"excerpt":{"rendered":"<p>En un\u00a0 operativo ejecutado por la Jefatura de Investigaci\u00f3n Antidrogas de la Polic\u00eda Nacional de Ecuador, se desarticul\u00f3 una red de tr\u00e1fico de drogas al consumo interno. El operativo, denominado \u201cORIENTE\u201d, tuvo lugar en el sector de la Chacra, espec\u00edficamente en la intersecci\u00f3n de la Avenida El Ej\u00e9rcito. La intervenci\u00f3n se realiz\u00f3 en flagrancia y [&hellip;]<\/p>\n","protected":false},"author":1,"featured_media":7943,"comment_status":"open","ping_status":"open","sticky":false,"template":"","format":"standard","meta":{"footnotes":""},"categories":[9],"tags":[],"_links":{"self":[{"href":"https:\/\/infozamoraec.com\/index.php\/wp-json\/wp\/v2\/posts\/7937"}],"collection":[{"href":"https:\/\/infozamoraec.com\/index.php\/wp-json\/wp\/v2\/posts"}],"about":[{"href":"https:\/\/infozamoraec.com\/index.php\/wp-json\/wp\/v2\/types\/post"}],"author":[{"embeddable":true,"href":"https:\/\/infozamoraec.com\/index.php\/wp-json\/wp\/v2\/users\/1"}],"replies":[{"embeddable":true,"href":"https:\/\/infozamoraec.com\/index.php\/wp-json\/wp\/v2\/comments?post=7937"}],"version-history":[{"count":1,"href":"https:\/\/infozamoraec.com\/index.php\/wp-json\/wp\/v2\/posts\/7937\/revisions"}],"predecessor-version":[{"id":7939,"href":"https:\/\/infozamoraec.com\/index.php\/wp-json\/wp\/v2\/posts\/7937\/revisions\/7939"}],"wp:featuredmedia":[{"embeddable":true,"href":"https:\/\/infozamoraec.com\/index.php\/wp-json\/wp\/v2\/media\/7943"}],"wp:attachment":[{"href":"https:\/\/infozamoraec.com\/index.php\/wp-json\/wp\/v2\/media?parent=7937"}],"wp:term":[{"taxonomy":"category","embeddable":true,"href":"https:\/\/infozamoraec.com\/index.php\/wp-json\/wp\/v2\/categories?post=7937"},{"taxonomy":"post_tag","embeddable":true,"href":"https:\/\/infozamoraec.com\/index.php\/wp-json\/wp\/v2\/tags?post=7937"}],"curies":[{"name":"wp","href":"https:\/\/api.w.org\/{rel}","templated":true}]}}