{"id":7890,"date":"2024-11-21T00:14:02","date_gmt":"2024-11-21T00:14:02","guid":{"rendered":"https:\/\/infozamoraec.com\/?p=7890"},"modified":"2024-11-21T00:15:14","modified_gmt":"2024-11-21T00:15:14","slug":"avanza-paso-el-paso-lateral-en-guadalupe","status":"publish","type":"post","link":"https:\/\/infozamoraec.com\/index.php\/2024\/11\/21\/avanza-paso-el-paso-lateral-en-guadalupe\/","title":{"rendered":"Supervisan avances del paso lateral en Guadalupe."},"content":{"rendered":"<p>Este mi\u00e9rcoles 20 de noviembre de 2024, el alcalde del cant\u00f3n Zamora, Manuel Gonz\u00e1lez, realiz\u00f3 un recorrido para inspeccionar los avances en la apertura del paso lateral de la parroquia Guadalupe.<\/p>\n<p>La obra abarca aproximadamente 500 metros de longitud y tiene como objetivo mejorar la movilidad en la zona. Se busca descongestionar el tr\u00e1fico vehicular y optimizar la conectividad con sectores aleda\u00f1os.<\/p>\n<p>Durante la inspecci\u00f3n, las autoridades discutieron la relevancia de este proyecto para el desarrollo local, ya que facilitar\u00e1 el transporte pesado y fortalecer\u00e1 las actividades econ\u00f3micas de la parroquia.<\/p>\n<p>El alcalde Manuel Gonz\u00e1lez reafirm\u00f3 su compromiso con el impulso de obras de infraestructura que beneficien a las parroquias rurales del cant\u00f3n Zamora. Las autoridades parroquiales destacaron el trabajo conjunto entre el Gobierno Aut\u00f3nomo Descentralizado Municipal y el GAD Parroquial en la ejecuci\u00f3n de esta iniciativa.<\/p>\n<p>Se espera que, al finalizar la obra, esta v\u00eda contribuya al bienestar de los habitantes de Guadalupe y a quienes se dirigen al cant\u00f3n Yacuambi.<\/p>\n","protected":false},"excerpt":{"rendered":"<p>Este mi\u00e9rcoles 20 de noviembre de 2024, el alcalde del cant\u00f3n Zamora, Manuel Gonz\u00e1lez, realiz\u00f3 un recorrido para inspeccionar los avances en la apertura del paso lateral de la parroquia Guadalupe. La obra abarca aproximadamente 500 metros de longitud y tiene como objetivo mejorar la movilidad en la zona. Se busca descongestionar el tr\u00e1fico vehicular [&hellip;]<\/p>\n","protected":false},"author":1,"featured_media":7891,"comment_status":"open","ping_status":"open","sticky":false,"template":"","format":"standard","meta":{"footnotes":""},"categories":[9],"tags":[],"_links":{"self":[{"href":"https:\/\/infozamoraec.com\/index.php\/wp-json\/wp\/v2\/posts\/7890"}],"collection":[{"href":"https:\/\/infozamoraec.com\/index.php\/wp-json\/wp\/v2\/posts"}],"about":[{"href":"https:\/\/infozamoraec.com\/index.php\/wp-json\/wp\/v2\/types\/post"}],"author":[{"embeddable":true,"href":"https:\/\/infozamoraec.com\/index.php\/wp-json\/wp\/v2\/users\/1"}],"replies":[{"embeddable":true,"href":"https:\/\/infozamoraec.com\/index.php\/wp-json\/wp\/v2\/comments?post=7890"}],"version-history":[{"count":3,"href":"https:\/\/infozamoraec.com\/index.php\/wp-json\/wp\/v2\/posts\/7890\/revisions"}],"predecessor-version":[{"id":7894,"href":"https:\/\/infozamoraec.com\/index.php\/wp-json\/wp\/v2\/posts\/7890\/revisions\/7894"}],"wp:featuredmedia":[{"embeddable":true,"href":"https:\/\/infozamoraec.com\/index.php\/wp-json\/wp\/v2\/media\/7891"}],"wp:attachment":[{"href":"https:\/\/infozamoraec.com\/index.php\/wp-json\/wp\/v2\/media?parent=7890"}],"wp:term":[{"taxonomy":"category","embeddable":true,"href":"https:\/\/infozamoraec.com\/index.php\/wp-json\/wp\/v2\/categories?post=7890"},{"taxonomy":"post_tag","embeddable":true,"href":"https:\/\/infozamoraec.com\/index.php\/wp-json\/wp\/v2\/tags?post=7890"}],"curies":[{"name":"wp","href":"https:\/\/api.w.org\/{rel}","templated":true}]}}