{"id":7707,"date":"2024-11-13T20:48:29","date_gmt":"2024-11-13T20:48:29","guid":{"rendered":"https:\/\/infozamoraec.com\/?p=7707"},"modified":"2024-11-13T20:48:29","modified_gmt":"2024-11-13T20:48:29","slug":"cumbaratza-y-san-carlos-de-las-minas-contaran-con-un-nuevo-puente-vehicular","status":"publish","type":"post","link":"https:\/\/infozamoraec.com\/index.php\/2024\/11\/13\/cumbaratza-y-san-carlos-de-las-minas-contaran-con-un-nuevo-puente-vehicular\/","title":{"rendered":"Cumbaratza y San Carlos de las Minas contar\u00e1n con un nuevo puente vehicular"},"content":{"rendered":"<p style=\"font-weight: 400;\">Conociendo la importancia de contar con puentes de calidad que garanticen una segura movilidad de las comunidades, la Prefectura de Zamora Chinchipe, bajo el liderazgo de la prefecta Karla Re\u00e1tegui, dio por iniciado los trabajos para la construcci\u00f3n del puente vehicular doble carril sobre el r\u00edo Zamora que unir\u00e1 a las comunidades de Namirez Bajo &#8211; Nambija Bajo, donde se beneficiaran m\u00e1s de cinco mil personas. La inversi\u00f3n de esta obra es de\u00a0<strong>USD 2\u2019729.626,97.<\/strong><\/p>\n<p style=\"font-weight: 400;\">La infraestructura y superestructura del puente estar\u00e1 conformada de la siguiente manera: 90,34 metros de longitud, altura del arco de 15 metros, totalmente de acero con losa de hormig\u00f3n de 25 cm con placa colaborante e iluminaci\u00f3n total, adem\u00e1s cuenta con una protecci\u00f3n de 264 metros entre muro de hormig\u00f3n armado y muro de escollera de piedra. El proyecto tiene un plazo de 15 meses para ser entregado.<\/p>\n<p style=\"font-weight: 400;\"><strong><em>\u201cEs un d\u00eda de mucha felicidad y emoci\u00f3n\u2026 hoy por hoy, este nuevo puente vehicular y peatonal va a ser de gran importancia para toda esta comunidad, toda esta parroquia, principalmente de San Carlos de las Minas que nos va a beneficiar y generar una activaci\u00f3n econ\u00f3mica posteriormente y la conectividad entre varios pueblos\u201d<\/em><\/strong>, manifest\u00f3 Tom\u00e1s Ocampo, presidente del barrio Namirez Bajo.<\/p>\n<p style=\"font-weight: 400;\">Por su parte, German\u00eda Calva, productora de especies menores del Barrio Puente Azul de San Carlos de las Minas, agradeci\u00f3 a la prefecta por haberles atendido y escuchado sus necesidades con respecto al puente\u00a0<strong><em>\u201cel lat\u00f3n siempre se levanta y es una molestia, cada vez es un peligro que hasta puede poncharse una llanta, pero ahora, estamos muy agradecidos por el nuevo puente, que va a ser muy bonito y va a tener paso peatonal\u2026 para nosotros como productores ser\u00eda un atractivo tur\u00edstico porque los clientes van a sentirse mejor al visitarnos\u201d<\/em><\/strong>, dijo.<\/p>\n<p style=\"font-weight: 400;\">La prefecta Karla Re\u00e1tegui expres\u00f3 la importancia de esta obra, al tiempo que resalt\u00f3 lo fundamental de cumplir con la palabra dada,\u00a0<strong><em>\u201cestamos contentos de ir cumpliendo con nuestra palabra, los beneficiarios directos son: Namirez Bajo, Nambija Bajo, Puente Azul, Puente Rojo, San Carlos de las Minas y Nambija, recordemos que este puente nos va a permitir la conectividad con un circuito vial Namirez \u2013 Cuzuntza \u2013 Timbara y Zamora\u201d<\/em><\/strong>, concluy\u00f3.<\/p>\n<p style=\"font-weight: 400;\">Como Prefectura, reafirmamos nuestro trabajo de seguir trabajando arduamente por el desarrollo y progreso de todos los sectores rurales a nivel provincial.<\/p>\n","protected":false},"excerpt":{"rendered":"<p>Conociendo la importancia de contar con puentes de calidad que garanticen una segura movilidad de las comunidades, la Prefectura de Zamora Chinchipe, bajo el liderazgo de la prefecta Karla Re\u00e1tegui, dio por iniciado los trabajos para la construcci\u00f3n del puente vehicular doble carril sobre el r\u00edo Zamora que unir\u00e1 a las comunidades de Namirez Bajo [&hellip;]<\/p>\n","protected":false},"author":1,"featured_media":7708,"comment_status":"open","ping_status":"open","sticky":false,"template":"","format":"standard","meta":{"footnotes":""},"categories":[9],"tags":[],"_links":{"self":[{"href":"https:\/\/infozamoraec.com\/index.php\/wp-json\/wp\/v2\/posts\/7707"}],"collection":[{"href":"https:\/\/infozamoraec.com\/index.php\/wp-json\/wp\/v2\/posts"}],"about":[{"href":"https:\/\/infozamoraec.com\/index.php\/wp-json\/wp\/v2\/types\/post"}],"author":[{"embeddable":true,"href":"https:\/\/infozamoraec.com\/index.php\/wp-json\/wp\/v2\/users\/1"}],"replies":[{"embeddable":true,"href":"https:\/\/infozamoraec.com\/index.php\/wp-json\/wp\/v2\/comments?post=7707"}],"version-history":[{"count":2,"href":"https:\/\/infozamoraec.com\/index.php\/wp-json\/wp\/v2\/posts\/7707\/revisions"}],"predecessor-version":[{"id":7710,"href":"https:\/\/infozamoraec.com\/index.php\/wp-json\/wp\/v2\/posts\/7707\/revisions\/7710"}],"wp:featuredmedia":[{"embeddable":true,"href":"https:\/\/infozamoraec.com\/index.php\/wp-json\/wp\/v2\/media\/7708"}],"wp:attachment":[{"href":"https:\/\/infozamoraec.com\/index.php\/wp-json\/wp\/v2\/media?parent=7707"}],"wp:term":[{"taxonomy":"category","embeddable":true,"href":"https:\/\/infozamoraec.com\/index.php\/wp-json\/wp\/v2\/categories?post=7707"},{"taxonomy":"post_tag","embeddable":true,"href":"https:\/\/infozamoraec.com\/index.php\/wp-json\/wp\/v2\/tags?post=7707"}],"curies":[{"name":"wp","href":"https:\/\/api.w.org\/{rel}","templated":true}]}}