{"id":7690,"date":"2024-11-12T21:33:42","date_gmt":"2024-11-12T21:33:42","guid":{"rendered":"https:\/\/infozamoraec.com\/?p=7690"},"modified":"2024-11-12T21:33:42","modified_gmt":"2024-11-12T21:33:42","slug":"la-cumbre-iberoamericana-de-cuenca-marca-record-de-lideres-ausentes","status":"publish","type":"post","link":"https:\/\/infozamoraec.com\/index.php\/2024\/11\/12\/la-cumbre-iberoamericana-de-cuenca-marca-record-de-lideres-ausentes\/","title":{"rendered":"La Cumbre Iberoamericana de Cuenca marca r\u00e9cord de l\u00edderes ausentes"},"content":{"rendered":"<div class=\"cp-excerpt-xl\">\n<p>La\u00a0<strong>XXIX Cumbre Iberoamericana jefes de Estado y de Gobierno<\/strong>, que se celebrar\u00e1 este mi\u00e9rcoles 13 y viernes 15 de noviembre en\u00a0<a href=\"https:\/\/www.ecuavisa.com\/noticias\/ecuador\/cuenca-conductor-embistio-vehiculo-agente-transito-DM8295764\" target=\"_blank\" rel=\"noopener noreferrer nofollow\"><strong>Cuenca<\/strong><\/a>\u00a0marcar\u00e1 un r\u00e9cord de l\u00edderes ausentes desde que estas citas comenzaron a celebrarse en 1991.<\/p>\n<p><strong>A la capital azuaya llegar\u00e1n en principio seis l\u00edderes de un total de 24 convocados. El n\u00famero es incluso inferior a los 13 que estuvieron en las cumbres de 2013 en Panam\u00e1 y de 2016 en Cartagena de Indias (Colombia), que hasta ahora marcaban la cifra m\u00e1s baja.<\/strong><\/p>\n<p>Como confirmados figuran el rey de Espa\u00f1a,\u00a0<strong>Felipe VI<\/strong>, y el presidente de la Rep\u00fablica,\u00a0<strong>Daniel Noboa<\/strong>, as\u00ed como el presidente de Portugal,\u00a0<strong>Marcelo Rebelo de Sousa<\/strong>.<\/p>\n<p>La Canciller\u00eda ecuatoriana tambi\u00e9n cuenta con que lleguen los presidentes de Paraguay, <strong>Santiago Pe\u00f1a<\/strong>; y de Rep\u00fablica Dominicana,\u00a0<strong>Luis Abinader<\/strong>, el anfitri\u00f3n de la anterior cumbre, a la que asistieron 16 l\u00edderes (14 jefes de Estado y 2 de Gobierno). El sexto ser\u00eda el jefe de Gobierno de Andorra,\u00a0<strong>Xavier Espot<\/strong>.<\/p>\n<p>No participar\u00e1n presidentes como\u00a0<strong>Javier Milei<\/strong>\u00a0(Argentina),\u00a0<strong>Luiz In\u00e1cio Lula Da Silva<\/strong>\u00a0(Brasil),\u00a0<strong>Luis Arce<\/strong>\u00a0(Bolivia),\u00a0<strong>Gabriel Boric<\/strong>\u00a0(Chile),\u00a0<strong>Miguel D\u00edaz-Canel<\/strong>\u00a0(Cuba),\u00a0<strong>Claudia Sheinbaum<\/strong>\u00a0(M\u00e9xico),\u00a0<strong>Daniel Ortega<\/strong>\u00a0(Nicaragua),\u00a0<strong>Nayib Bukele<\/strong>\u00a0(El Salvador),\u00a0<strong>Dina Boluarte\u00a0<\/strong>(Per\u00fa),\u00a0<strong>Nicol\u00e1s Maduro<\/strong>\u00a0(Venezuela),\u00a0<strong>Rodrigo Chaves\u00a0<\/strong>(Costa Rica),\u00a0<strong>Xiomara Castro<\/strong>\u00a0(Honduras) y\u00a0<strong>Luis Lacalle Pou<\/strong>\u00a0(Uruguay).<\/p>\n<p>Por diferentes circunstancias, todos ellos enviar\u00e1n a Cuenca a delegados, bien sean a vicepresidentes, cancilleres o funcionarios de menor rango.<\/p>\n<p>Si bien Milei hab\u00eda sido inicialmente confirmado por la Canciller\u00eda ecuatoriana, la Presidencia de Argentina notific\u00f3 este lunes 11 de noviembre que no viajar\u00e1 a Cuenca.<\/p>\n<p><strong>El Gobierno de Ecuador esperaba que el presidente de Colombia, Gustavo Petro, est\u00e9 en reciprocidad por la asistencia de Noboa a la Conferencia de las Naciones Unidas sobre Biodiversidad (COP16) en Cali, pero las recientes inundaciones en el\u00a0<\/strong><a href=\"https:\/\/www.ecuavisa.com\/mundo\/departamento-choco-emergencia-por-intensas-lluvias-FL8287465\" target=\"_blank\" rel=\"noopener noreferrer nofollow\"><strong>Choc\u00f3<\/strong><\/a><strong>\u00a0ya han hecho que el mandatario colombiano cancelase su viaje a Bak\u00fa para la Conferencia de las Naciones Unidas sobre Cambio Clim\u00e1tico (COP29) y por ahora no ha confirmado que se desplace a Cuenca.<\/strong><\/p>\n<p>&nbsp;<\/p>\n<\/div>\n","protected":false},"excerpt":{"rendered":"<p>La\u00a0XXIX Cumbre Iberoamericana jefes de Estado y de Gobierno, que se celebrar\u00e1 este mi\u00e9rcoles 13 y viernes 15 de noviembre en\u00a0Cuenca\u00a0marcar\u00e1 un r\u00e9cord de l\u00edderes ausentes desde que estas citas comenzaron a celebrarse en 1991. A la capital azuaya llegar\u00e1n en principio seis l\u00edderes de un total de 24 convocados. El n\u00famero es incluso inferior [&hellip;]<\/p>\n","protected":false},"author":1,"featured_media":7691,"comment_status":"open","ping_status":"open","sticky":false,"template":"","format":"standard","meta":{"footnotes":""},"categories":[12],"tags":[],"_links":{"self":[{"href":"https:\/\/infozamoraec.com\/index.php\/wp-json\/wp\/v2\/posts\/7690"}],"collection":[{"href":"https:\/\/infozamoraec.com\/index.php\/wp-json\/wp\/v2\/posts"}],"about":[{"href":"https:\/\/infozamoraec.com\/index.php\/wp-json\/wp\/v2\/types\/post"}],"author":[{"embeddable":true,"href":"https:\/\/infozamoraec.com\/index.php\/wp-json\/wp\/v2\/users\/1"}],"replies":[{"embeddable":true,"href":"https:\/\/infozamoraec.com\/index.php\/wp-json\/wp\/v2\/comments?post=7690"}],"version-history":[{"count":1,"href":"https:\/\/infozamoraec.com\/index.php\/wp-json\/wp\/v2\/posts\/7690\/revisions"}],"predecessor-version":[{"id":7692,"href":"https:\/\/infozamoraec.com\/index.php\/wp-json\/wp\/v2\/posts\/7690\/revisions\/7692"}],"wp:featuredmedia":[{"embeddable":true,"href":"https:\/\/infozamoraec.com\/index.php\/wp-json\/wp\/v2\/media\/7691"}],"wp:attachment":[{"href":"https:\/\/infozamoraec.com\/index.php\/wp-json\/wp\/v2\/media?parent=7690"}],"wp:term":[{"taxonomy":"category","embeddable":true,"href":"https:\/\/infozamoraec.com\/index.php\/wp-json\/wp\/v2\/categories?post=7690"},{"taxonomy":"post_tag","embeddable":true,"href":"https:\/\/infozamoraec.com\/index.php\/wp-json\/wp\/v2\/tags?post=7690"}],"curies":[{"name":"wp","href":"https:\/\/api.w.org\/{rel}","templated":true}]}}