{"id":7687,"date":"2024-11-12T21:31:40","date_gmt":"2024-11-12T21:31:40","guid":{"rendered":"https:\/\/infozamoraec.com\/?p=7687"},"modified":"2024-11-12T21:31:40","modified_gmt":"2024-11-12T21:31:40","slug":"hay-unos-500-inscritos-en-la-plataforma-que-abrio-jan-topic-para-elegir-a-su-reemplazo-en-la-candidatura","status":"publish","type":"post","link":"https:\/\/infozamoraec.com\/index.php\/2024\/11\/12\/hay-unos-500-inscritos-en-la-plataforma-que-abrio-jan-topic-para-elegir-a-su-reemplazo-en-la-candidatura\/","title":{"rendered":"Hay unos 500 inscritos en la plataforma que abri\u00f3 Jan Topic para elegir a su reemplazo en la candidatura"},"content":{"rendered":"<p>\u201c\u00a1S\u00famate al rescate del Ecuador!\u201d, se\u00f1ala el encabezado de la plataforma Rescatemos al Ecuador, creada por el partido Sociedad Unida M\u00e1s Acci\u00f3n (SUMA), lista 23, para encontrar al reemplazo de Jan Topic en la candidatura presidencial.<\/p>\n<p>El pasado domingo, 10 de octubre del 2024, el Tribunal Contencioso Electoral (TCE) neg\u00f3 la inscripci\u00f3n de la postulaci\u00f3n de Topic porque tendr\u00eda contratos con el Estado, lo cual es una inhabilidad prevista en el C\u00f3digo de la Democracia.<\/p>\n<p>Su decisi\u00f3n es de \u00faltima instancia, pero pueden plantearse recursos de aclaraci\u00f3n y ampliaci\u00f3n. La dirigencia de SUMA dijo que s\u00ed plantear\u00e1 estos recursos para as\u00ed ganar tiempo y escoger la mejor opci\u00f3n.<\/p>\n<p>La plataforma\u00a0<a href=\"https:\/\/rescatemosalecuador.com\/futuropresidente\" target=\"_blank\" rel=\"noopener noreferrer nofollow\"><strong>https:\/\/rescatemosalecuador.com\/futuropresidente<\/strong><\/a>\u00a0fue habilitada a las 17:00 del lunes 11 de noviembre y da acceso a un formulario con varias preguntas para los interesados en ser candidatos por SUMA. \u201c\u00bfPor qu\u00e9 quieres ser el presidente de nuestra rep\u00fablica?, \u00bfqu\u00e9 te hace la persona id\u00f3nea para liderar a nuestra rep\u00fablica? y \u00bfcu\u00e1l es tu visi\u00f3n para nuestra rep\u00fablica?\u201d, se plantea de entrada.<\/p>\n<p>Luego se le consulta si tiene contratos con el Estado como persona natural o representante o apoderado de alguna persona jur\u00eddica, si tiene bienes o capitales en para\u00edsos fiscales, si es militar o polic\u00eda, o si adeuda pensiones de alimentos.<\/p>\n<p>Finalmente debe completar sus datos personales y subir una foto actualizada y una hoja de vida.<\/p>\n<p>Con corte a las 07:00 de este 12 de noviembre, la plataforma registr\u00f3 unos 500 inscritos, seg\u00fan dijo Topic la ma\u00f1ana de este martes, 12 de noviembre del 2024, en una entrevista con\u00a0<em>Ecuavisa<\/em>.<\/p>\n<p>El expostulante indic\u00f3 que SUMA seguir\u00e1 \u201cpeleando\u201d por su candidatura, \u201cprimero porque est\u00e1 mal (la decisi\u00f3n del TCE) y segundo porque no puede quedar como precedente, porque ma\u00f1ana cualquier candidatura puede ser impugnada, descalificada, por potencialidades\u201d; y que luego buscar\u00e1n a su candidato propio.<\/p>\n<p>En otra entrevista en\u00a0<em>Teleamazonas<\/em>, coment\u00f3 que \u00e9l ten\u00eda en mente dos personas que podr\u00edan reemplazarlo, pero que su equipo quiere respetar lo que se decida a trav\u00e9s de la plataforma.<\/p>\n<p>Topic insisti\u00f3 en que detr\u00e1s de su inhabilitaci\u00f3n estar\u00eda el Gobierno de Daniel Noboa. Cont\u00f3 que una de las personas del equipo que lo acompa\u00f1\u00f3 la semana pasada a la Organizaci\u00f3n de Estados Americanos (OEA) para reunirse con su secretario Luis Almagro, en Washington, recibi\u00f3 un mensaje supuestamente del mandatario para amedrentarlo; y adem\u00e1s, record\u00f3 que el juez que tuvo a cargo su caso, \u00c1ngel Torres, admiti\u00f3 que su yerno es dirigente del movimiento de Noboa, Acci\u00f3n Democr\u00e1tica Nacional (ADN), en Loja.<\/p>\n<p>Torres fue denunciado penalmente el pasado domingo en la Fiscal\u00eda por supuesto prevaricato y fraude procesal.<\/p>\n","protected":false},"excerpt":{"rendered":"<p>\u201c\u00a1S\u00famate al rescate del Ecuador!\u201d, se\u00f1ala el encabezado de la plataforma Rescatemos al Ecuador, creada por el partido Sociedad Unida M\u00e1s Acci\u00f3n (SUMA), lista 23, para encontrar al reemplazo de Jan Topic en la candidatura presidencial. El pasado domingo, 10 de octubre del 2024, el Tribunal Contencioso Electoral (TCE) neg\u00f3 la inscripci\u00f3n de la postulaci\u00f3n [&hellip;]<\/p>\n","protected":false},"author":1,"featured_media":7688,"comment_status":"open","ping_status":"open","sticky":false,"template":"","format":"standard","meta":{"footnotes":""},"categories":[12],"tags":[],"_links":{"self":[{"href":"https:\/\/infozamoraec.com\/index.php\/wp-json\/wp\/v2\/posts\/7687"}],"collection":[{"href":"https:\/\/infozamoraec.com\/index.php\/wp-json\/wp\/v2\/posts"}],"about":[{"href":"https:\/\/infozamoraec.com\/index.php\/wp-json\/wp\/v2\/types\/post"}],"author":[{"embeddable":true,"href":"https:\/\/infozamoraec.com\/index.php\/wp-json\/wp\/v2\/users\/1"}],"replies":[{"embeddable":true,"href":"https:\/\/infozamoraec.com\/index.php\/wp-json\/wp\/v2\/comments?post=7687"}],"version-history":[{"count":1,"href":"https:\/\/infozamoraec.com\/index.php\/wp-json\/wp\/v2\/posts\/7687\/revisions"}],"predecessor-version":[{"id":7689,"href":"https:\/\/infozamoraec.com\/index.php\/wp-json\/wp\/v2\/posts\/7687\/revisions\/7689"}],"wp:featuredmedia":[{"embeddable":true,"href":"https:\/\/infozamoraec.com\/index.php\/wp-json\/wp\/v2\/media\/7688"}],"wp:attachment":[{"href":"https:\/\/infozamoraec.com\/index.php\/wp-json\/wp\/v2\/media?parent=7687"}],"wp:term":[{"taxonomy":"category","embeddable":true,"href":"https:\/\/infozamoraec.com\/index.php\/wp-json\/wp\/v2\/categories?post=7687"},{"taxonomy":"post_tag","embeddable":true,"href":"https:\/\/infozamoraec.com\/index.php\/wp-json\/wp\/v2\/tags?post=7687"}],"curies":[{"name":"wp","href":"https:\/\/api.w.org\/{rel}","templated":true}]}}