{"id":7681,"date":"2024-11-12T21:27:16","date_gmt":"2024-11-12T21:27:16","guid":{"rendered":"https:\/\/infozamoraec.com\/?p=7681"},"modified":"2024-11-12T21:43:52","modified_gmt":"2024-11-12T21:43:52","slug":"fut-convoca-a-una-contracumbre-en-cuenca-en-contra-de-noboa","status":"publish","type":"post","link":"https:\/\/infozamoraec.com\/index.php\/2024\/11\/12\/fut-convoca-a-una-contracumbre-en-cuenca-en-contra-de-noboa\/","title":{"rendered":"FUT convoca a una \u00abcontracumbre\u00bb en Cuenca en contra de Noboa"},"content":{"rendered":"<p>El Frente Unitario de Trabajadores (FUT), indic\u00f3 hoy, 12 de noviembre de 2024, que convoc\u00f3 a una jornada de movilizaciones contra el Gobierno de Daniel Noboa.<\/p>\n<p>Jos\u00e9 Villavicencio, presidente del FUT, dijo que el organismo rechaza las pol\u00edticas del Ejecutivo y asegur\u00f3 que las acciones iniciar\u00e1n el mi\u00e9rcoles 13 y jueves 14 de noviembre en Cuenca en el marco de la Cumbre Iberoamericana (en la que participar\u00e1n varios l\u00edderes internacionales y empresarios).<\/p>\n<p>\u00abVan haber acciones el d\u00eda de ma\u00f1ana y jueves en Cuenca por el tema de la contra cumbre, pero tambi\u00e9n habr\u00e1 acciones de los maestros, trabajadores, j\u00f3venes y distintos sectores el 15 de noviembre\u00bb, adelant\u00f3 Villavicencio.<\/p>\n<p>El dirigente confirm\u00f3 que la jornada de movilizaci\u00f3n ser\u00eda supuestamente a escala nacional para el jueves 21 de noviembre. \u00abEstamos convocando a otros sectores amplios, como el movimiento ind\u00edgena, el seguro campesino, la juventud, amas de casa y todo el pueblo ecuatoriano a una jornada en todo el pa\u00eds frente a la pol\u00edtica neoliberal del presidente Daniel Noboa\u00bb, agreg\u00f3.<\/p>\n<p>David Almeida, secretario general de la Asociaci\u00f3n Nacional de Trabajadores de la Energ\u00eda y el Petr\u00f3leo (ANTEP) dijo que los gobiernos de Moreno, Lasso y Noboa no invirtieron en los sectores estrat\u00e9gicos para una supuesta \u00abprivatizaci\u00f3n\u00bb.<\/p>\n<div class=\"google-auto-placed ap_container\">\n<p>&nbsp;<\/p>\n<div id=\"aswift_4_host\">De su lado, Nelson Serrano, presidente del Frente Popular, recalc\u00f3 que la crisis en el pa\u00eds es en todo los aspectos y responde a las pol\u00edticas \u00abneoliberales\u00bb de los distintos gobiernos, pero particularmente de Daniel Noboa. Por ello, ratific\u00f3 su presencia en las movilizaciones del 13, 14, 15 y 21 de noviembre.<\/div>\n<p>&nbsp;<\/p>\n<\/div>\n","protected":false},"excerpt":{"rendered":"<p>El Frente Unitario de Trabajadores (FUT), indic\u00f3 hoy, 12 de noviembre de 2024, que convoc\u00f3 a una jornada de movilizaciones contra el Gobierno de Daniel Noboa. Jos\u00e9 Villavicencio, presidente del FUT, dijo que el organismo rechaza las pol\u00edticas del Ejecutivo y asegur\u00f3 que las acciones iniciar\u00e1n el mi\u00e9rcoles 13 y jueves 14 de noviembre en [&hellip;]<\/p>\n","protected":false},"author":1,"featured_media":7682,"comment_status":"open","ping_status":"open","sticky":false,"template":"","format":"standard","meta":{"footnotes":""},"categories":[12],"tags":[],"_links":{"self":[{"href":"https:\/\/infozamoraec.com\/index.php\/wp-json\/wp\/v2\/posts\/7681"}],"collection":[{"href":"https:\/\/infozamoraec.com\/index.php\/wp-json\/wp\/v2\/posts"}],"about":[{"href":"https:\/\/infozamoraec.com\/index.php\/wp-json\/wp\/v2\/types\/post"}],"author":[{"embeddable":true,"href":"https:\/\/infozamoraec.com\/index.php\/wp-json\/wp\/v2\/users\/1"}],"replies":[{"embeddable":true,"href":"https:\/\/infozamoraec.com\/index.php\/wp-json\/wp\/v2\/comments?post=7681"}],"version-history":[{"count":2,"href":"https:\/\/infozamoraec.com\/index.php\/wp-json\/wp\/v2\/posts\/7681\/revisions"}],"predecessor-version":[{"id":7702,"href":"https:\/\/infozamoraec.com\/index.php\/wp-json\/wp\/v2\/posts\/7681\/revisions\/7702"}],"wp:featuredmedia":[{"embeddable":true,"href":"https:\/\/infozamoraec.com\/index.php\/wp-json\/wp\/v2\/media\/7682"}],"wp:attachment":[{"href":"https:\/\/infozamoraec.com\/index.php\/wp-json\/wp\/v2\/media?parent=7681"}],"wp:term":[{"taxonomy":"category","embeddable":true,"href":"https:\/\/infozamoraec.com\/index.php\/wp-json\/wp\/v2\/categories?post=7681"},{"taxonomy":"post_tag","embeddable":true,"href":"https:\/\/infozamoraec.com\/index.php\/wp-json\/wp\/v2\/tags?post=7681"}],"curies":[{"name":"wp","href":"https:\/\/api.w.org\/{rel}","templated":true}]}}