{"id":7663,"date":"2024-11-12T01:59:10","date_gmt":"2024-11-12T01:59:10","guid":{"rendered":"https:\/\/infozamoraec.com\/?p=7663"},"modified":"2024-11-12T01:59:10","modified_gmt":"2024-11-12T01:59:10","slug":"un-error-humano-causo-el-apagon-en-varias-provincias-de-ecuador","status":"publish","type":"post","link":"https:\/\/infozamoraec.com\/index.php\/2024\/11\/12\/un-error-humano-causo-el-apagon-en-varias-provincias-de-ecuador\/","title":{"rendered":"Un \u2018error humano\u2019 caus\u00f3 el apag\u00f3n en varias provincias de Ecuador"},"content":{"rendered":"<p>QUITO.- El viceministro de Electricidad y Energ\u00eda Renovable de Ecuador, Rafael Quintero, proporcion\u00f3 este martes, 10 de septiembre, m\u00e1s detalles sobre el apag\u00f3n que afect\u00f3 a varias provincias del pa\u00eds el pasado s\u00e1bado, 7 de septiembre.<\/p>\n<p>En un conversatorio realizado en el norte de Quito, Quintero confirm\u00f3 que el incidente fue causado por un \u201cerror humano\u201d durante trabajos de mantenimiento en la subestaci\u00f3n Molino.<\/p>\n<p>Seg\u00fan explic\u00f3 el viceministro, se hab\u00eda planificado un trabajo de mantenimiento en la subestaci\u00f3n Molino para las 07:30 del s\u00e1bado.<\/p>\n<p>Aproximadamente una hora y media despu\u00e9s de iniciadas las labores, se produjeron errores humanos que resultaron en un cortocircuito y una falla directa a tierra de una de las fases dentro de la subestaci\u00f3n GIS (Gas Insulated Switchgear).<\/p>\n<p>\u201cDentro de lo que puedo adelantar, hubo falta de comunicaci\u00f3n con el operador y no se siguieron los procedimientos y procesos establecidos\u201d, declar\u00f3 Quintero.<\/p>\n<p>Seg\u00fan El Universo, el funcionario a\u00f1adi\u00f3 que este martes se realizar\u00e1 una reuni\u00f3n en Cuenca con el personal involucrado y que, dependiendo de los resultados de las investigaciones, se seguir\u00e1n todos los procesos pertinentes.<\/p>\n<p>Esta informaci\u00f3n ampl\u00eda las declaraciones que Quintero hizo el pasado domingo, durante un recorrido al barco de generaci\u00f3n el\u00e9ctrica de la empresa turca Karpowership, ubicado en el sur de Guayaquil.<\/p>\n<p>En esa ocasi\u00f3n, el viceministro ya hab\u00eda adelantado que el corte de energ\u00eda fue causado por un error humano en la subestaci\u00f3n Molino y que se estaban realizando las investigaciones correspondientes.<\/p>\n<p>El apag\u00f3n, que comenz\u00f3 alrededor de las 08:30 del s\u00e1bado, afect\u00f3 a varias provincias del pa\u00eds. El Operador Nacional de Electricidad (Cenace) inform\u00f3 que el servicio fue restablecido al 100 % a las 12:53 del mismo d\u00eda.<\/p>\n<p>En un comunicado, el Cenace explic\u00f3 que el corte en el suministro de energ\u00eda se debi\u00f3 a una falla en la barra de la subestaci\u00f3n Molino, la cual est\u00e1 conectada a la generaci\u00f3n de Paute, en la provincia de Azuay.<\/p>\n<p>Estas declaraciones sobre el \u201cerror humano\u201d se producen d\u00edas despu\u00e9s de que el ministro de Defensa, Gian Carlo Loffredo, alertara sobre un \u201cposible complot\u201d para agravar la situaci\u00f3n energ\u00e9tica del pa\u00eds. Sin embargo, hasta el momento no se ha establecido ninguna conexi\u00f3n entre ambos eventos.<\/p>\n<p>El impacto econ\u00f3mico de este tipo de incidentes es significativo. Seg\u00fan los gremios empresariales, cada hora de interrupci\u00f3n del servicio de energ\u00eda le cuesta a Ecuador aproximadamente $ 12 millones.<\/p>\n<p>Quintero asegur\u00f3 que se informar\u00e1 oportunamente sobre los resultados de la investigaci\u00f3n, aunque advirti\u00f3 que algunos detalles no podr\u00e1n ser publicados hasta que est\u00e9n completamente definidos. \u201cEstar\u00e1n informados oportunamente de este evento. Como entender\u00e1n, hay detalles que mientras no est\u00e9n definidos no pueden ser publicados todav\u00eda, pero eso es un adelanto: fue un error humano\u201d, concluy\u00f3 el viceministro.<\/p>\n","protected":false},"excerpt":{"rendered":"<p>QUITO.- El viceministro de Electricidad y Energ\u00eda Renovable de Ecuador, Rafael Quintero, proporcion\u00f3 este martes, 10 de septiembre, m\u00e1s detalles sobre el apag\u00f3n que afect\u00f3 a varias provincias del pa\u00eds el pasado s\u00e1bado, 7 de septiembre. En un conversatorio realizado en el norte de Quito, Quintero confirm\u00f3 que el incidente fue causado por un \u201cerror [&hellip;]<\/p>\n","protected":false},"author":1,"featured_media":7664,"comment_status":"open","ping_status":"open","sticky":false,"template":"","format":"standard","meta":{"footnotes":""},"categories":[12],"tags":[],"_links":{"self":[{"href":"https:\/\/infozamoraec.com\/index.php\/wp-json\/wp\/v2\/posts\/7663"}],"collection":[{"href":"https:\/\/infozamoraec.com\/index.php\/wp-json\/wp\/v2\/posts"}],"about":[{"href":"https:\/\/infozamoraec.com\/index.php\/wp-json\/wp\/v2\/types\/post"}],"author":[{"embeddable":true,"href":"https:\/\/infozamoraec.com\/index.php\/wp-json\/wp\/v2\/users\/1"}],"replies":[{"embeddable":true,"href":"https:\/\/infozamoraec.com\/index.php\/wp-json\/wp\/v2\/comments?post=7663"}],"version-history":[{"count":1,"href":"https:\/\/infozamoraec.com\/index.php\/wp-json\/wp\/v2\/posts\/7663\/revisions"}],"predecessor-version":[{"id":7665,"href":"https:\/\/infozamoraec.com\/index.php\/wp-json\/wp\/v2\/posts\/7663\/revisions\/7665"}],"wp:featuredmedia":[{"embeddable":true,"href":"https:\/\/infozamoraec.com\/index.php\/wp-json\/wp\/v2\/media\/7664"}],"wp:attachment":[{"href":"https:\/\/infozamoraec.com\/index.php\/wp-json\/wp\/v2\/media?parent=7663"}],"wp:term":[{"taxonomy":"category","embeddable":true,"href":"https:\/\/infozamoraec.com\/index.php\/wp-json\/wp\/v2\/categories?post=7663"},{"taxonomy":"post_tag","embeddable":true,"href":"https:\/\/infozamoraec.com\/index.php\/wp-json\/wp\/v2\/tags?post=7663"}],"curies":[{"name":"wp","href":"https:\/\/api.w.org\/{rel}","templated":true}]}}