{"id":7660,"date":"2024-11-12T01:56:25","date_gmt":"2024-11-12T01:56:25","guid":{"rendered":"https:\/\/infozamoraec.com\/?p=7660"},"modified":"2024-11-12T01:56:25","modified_gmt":"2024-11-12T01:56:25","slug":"jefe-del-comando-conjunto-llama-exvicepresidenta-a-abad-y-ordena-retirar-su-seguridad","status":"publish","type":"post","link":"https:\/\/infozamoraec.com\/index.php\/2024\/11\/12\/jefe-del-comando-conjunto-llama-exvicepresidenta-a-abad-y-ordena-retirar-su-seguridad\/","title":{"rendered":"Jefe del Comando Conjunto llama \u00abexvicepresidenta\u00bb a Abad y ordena retirar su seguridad"},"content":{"rendered":"<p>El\u00a0<strong><a title=\"jefe del Comando Conjunto de las Fuerzas Armadas de Ecuador, Jaime Vela\" href=\"https:\/\/x.com\/FFAAECUADOR\" target=\"_blank\" rel=\"noopener\">jefe del Comando Conjunto de las Fuerzas Armadas de Ecuador, Jaime Vela<\/a><\/strong>, inform\u00f3 este lunes de que gestionan el retiro de la seguridad a la vicepresidenta y embajadora en Israel\u00a0<strong><a title=\"Ver\u00f3nica Abad\" href=\"https:\/\/www.larepublica.ec\/blog\/2024\/11\/10\/abad-acusa-a-noboa-de-preparar-golpe-de-estado\/\" target=\"_blank\" rel=\"noopener\">Ver\u00f3nica Abad<\/a><\/strong>, suspendida el pasado s\u00e1bado por 150 d\u00edas por no haberse trasladado en el plazo indicado a Ankara como hab\u00eda dispuesto el Gobierno.<\/p>\n<p>Pese a que Abad fue suspendida por cinco meses tras un sumario administrativo iniciado por el Ministerio de Trabajo,\u00a0<strong>Vela se refiri\u00f3 a ella como \u00abexvicepresidenta\u00bb<\/strong>.<\/p>\n<p>El presidente de Ecuador, Daniel Noboa, design\u00f3 este lunes a\u00a0<strong><a title=\"Sariha Moya\" href=\"https:\/\/www.larepublica.ec\/blog\/2024\/11\/11\/el-gobierno-designa-a-sariha-moya-como-vicepresidenta-encargada\/\" target=\"_blank\" rel=\"noopener\">Sariha Moya<\/a><\/strong>\u00a0como vicepresidenta encargada tras la suspensi\u00f3n que su administraci\u00f3n impuso a Abad, con la que mantiene un enconado enfrentamiento y a la que, en principio, le deber\u00eda delegar las funciones presidenciales durante la campa\u00f1a electoral de las elecciones de 2025.<\/p>\n<p>Vela dijo que Moya ya cuenta con seguridad oficial, mientras que\u00a0<strong>\u00abla Casa Militar Presidencial est\u00e1 realizando los tr\u00e1mites para que la seguridad de la exvicepresidenta sea retirada\u00bb<\/strong>.<\/p>\n<h2 class=\"wp-block-heading\">\u00abGolpe de Estado\u00bb<\/h2>\n<div class=\"google-auto-placed ap_container\"><ins class=\"adsbygoogle adsbygoogle-noablate\" data-ad-format=\"auto\" data-ad-client=\"ca-pub-3237191818559290\" data-adsbygoogle-status=\"done\" data-ad-status=\"unfilled\"><\/p>\n<div id=\"aswift_4_host\"><iframe id=\"aswift_4\" tabindex=\"0\" title=\"Advertisement\" src=\"https:\/\/googleads.g.doubleclick.net\/pagead\/ads?gdpr=0&amp;client=ca-pub-3237191818559290&amp;output=html&amp;h=280&amp;adk=1834832556&amp;adf=2992416015&amp;w=678&amp;abgtt=11&amp;fwrn=4&amp;fwrnh=100&amp;lmt=1731376477&amp;num_ads=1&amp;rafmt=1&amp;armr=3&amp;sem=mc&amp;pwprc=3721574015&amp;ad_type=text_image&amp;format=678x280&amp;url=https%3A%2F%2Fwww.larepublica.ec%2Fblog%2F2024%2F11%2F11%2Fjefe-del-comando-conjunto-llama-exvicepresidenta-a-abad-y-orden-retirar-su-seguridad%2F&amp;fwr=0&amp;pra=3&amp;rh=170&amp;rw=678&amp;rpe=1&amp;resp_fmts=3&amp;wgl=1&amp;fa=27&amp;uach=WyJXaW5kb3dzIiwiMTAuMC4wIiwieDg2IiwiIiwiMTMwLjAuNjcyMy4xMTciLG51bGwsMCxudWxsLCI2NCIsW1siQ2hyb21pdW0iLCIxMzAuMC42NzIzLjExNyJdLFsiR29vZ2xlIENocm9tZSIsIjEzMC4wLjY3MjMuMTE3Il0sWyJOb3Q_QV9CcmFuZCIsIjk5LjAuMC4wIl1dLDFd&amp;dt=1731376477096&amp;bpp=2&amp;bdt=1318&amp;idt=-M&amp;shv=r20241106&amp;mjsv=m202410310101&amp;ptt=9&amp;saldr=aa&amp;abxe=1&amp;cookie=ID%3D539282476f038de1%3AT%3D1716429171%3ART%3D1731376371%3AS%3DALNI_MY7K_ITIBlNx1Yh26DPffJJMTNJLA&amp;gpic=UID%3D00000a286e613578%3AT%3D1716429171%3ART%3D1731376371%3AS%3DALNI_MaIIe1Ujfgq7ju8hLHDx0WzglMeMw&amp;eo_id_str=ID%3D98652fcdfbf0b394%3AT%3D1716429171%3ART%3D1731376371%3AS%3DAA-AfjbjWvi2gH35C-Bqqw5maWhQ&amp;prev_fmts=678x406%2C1200x280%2C0x0%2C678x280&amp;nras=4&amp;correlator=4776682259853&amp;frm=20&amp;pv=1&amp;u_tz=-300&amp;u_his=7&amp;u_h=768&amp;u_w=1366&amp;u_ah=728&amp;u_aw=1366&amp;u_cd=24&amp;u_sd=0.8&amp;dmc=8&amp;adx=328&amp;ady=3344&amp;biw=1686&amp;bih=801&amp;scr_x=0&amp;scr_y=625&amp;eid=31088672%2C31088724%2C31088770%2C95344187%2C95346760%2C31088457%2C95345967%2C95347433&amp;oid=2&amp;pvsid=115420498352959&amp;tmod=1227593298&amp;uas=0&amp;nvt=1&amp;ref=https%3A%2F%2Fwww.larepublica.ec%2F&amp;fc=384&amp;brdim=0%2C0%2C0%2C0%2C1366%2C0%2C1366%2C728%2C1707%2C801&amp;vis=1&amp;rsz=%7C%7Cs%7C&amp;abl=NS&amp;cms=2&amp;fu=128&amp;bc=31&amp;bz=0.8&amp;td=1&amp;tdf=2&amp;psd=W251bGwsbnVsbCxudWxsLDNd&amp;nt=1&amp;ifi=5&amp;uci=a!5&amp;btvi=3&amp;fsb=1&amp;dtd=231\" name=\"aswift_4\" width=\"678\" height=\"0\" frameborder=\"0\" marginwidth=\"0\" marginheight=\"0\" scrolling=\"no\" sandbox=\"allow-forms allow-popups allow-popups-to-escape-sandbox allow-same-origin allow-scripts allow-top-navigation-by-user-activation\" data-google-container-id=\"a!5\" aria-label=\"Advertisement\" data-google-query-id=\"CIfi6f7X1YkDFf7o4wcd6XoJSA\" data-load-complete=\"true\" data-mce-fragment=\"1\"><\/iframe><\/div>\n<p><\/ins><\/div>\n<p>La designaci\u00f3n de Moya tuvo lugar horas despu\u00e9s de que Abad, desde Turqu\u00eda, tildara de\u00a0<strong>\u201cgrosera violaci\u00f3n a la Constituci\u00f3n y a las leyes\u201d<\/strong>\u00a0el sumario administrativo que le abri\u00f3 el Ministerio de Trabajo y que le ha significado la suspensi\u00f3n por cinco meses.<\/p>\n<p>En una intervenci\u00f3n en v\u00eddeo difundida en redes sociales,\u00a0<strong>Abad acus\u00f3 el domingo a Noboa de presuntamente preparar un \u201cgolpe de Estado\u201d<\/strong>\u00a0en enero pr\u00f3ximo al suponer que no respetar\u00e1 la delegaci\u00f3n de las funciones presidenciales que -seg\u00fan la Constituci\u00f3n- le corresponde asumir a ella cuando el mandatario deba pedir licencia para la campa\u00f1a electoral en la que buscar\u00e1 su reelecci\u00f3n.<\/p>\n<p><strong>\u201cPretenden inhabilitarme por cinco meses por una falta no cometida y sin prueba alguna, con el solo objetivo de que no asuma la Presidencia de la Rep\u00fablica, cuando el presidente candidato entre en su campa\u00f1a, en la que se encuentran ya abiertamente desde el inicio de su Gobierno\u201d,<\/strong>\u00a0dijo.<\/p>\n<p>Noboa es uno de los quince candidatos presidenciales para las pr\u00f3ximas elecciones convocadas para 2025, y para el periodo de campa\u00f1a electoral debe pedir licencia y delegar el cargo temporalmente en Abad, con quien mantiene un enconado enfrentamiento desde incluso antes de iniciar su mandato.<\/p>\n<p>La decisi\u00f3n del Ministerio de Trabajo se dio\u00a0<strong>tres d\u00edas despu\u00e9s de que el Tribunal Contencioso Electoral multara a Abad con 8.500 d\u00f3lares, pero no le suspendiera sus derechos pol\u00edticos<\/strong>\u00a0como solicitaba una denuncia por haber hecho campa\u00f1a electoral antes de plazo en los comicios electorales de 2023, cuando fue candidata a la alcald\u00eda de ciudad andina de Cuenca.<\/p>\n<h2 class=\"wp-block-heading\">Otras demandas<\/h2>\n<p>Tambi\u00e9n en el TCE est\u00e1 pendiente de resolver las contrademandas que se han interpuesto Abad y el Gobierno de Noboa con acusaciones mutuas de presunta violencia de g\u00e9nero, que pueden derivar en una eventual inhabilitaci\u00f3n y destituci\u00f3n de las autoridades involucradas.<\/p>\n<p>Noboa y Abad mantienen un pulso pol\u00edtico que se hizo evidente al inicio del Gobierno, cuando el gobernante le design\u00f3 embajadora en Israel, desde donde Abad ha denunciado distintas presiones para forzarla a dimitir. EFE<\/p>\n","protected":false},"excerpt":{"rendered":"<p>El\u00a0jefe del Comando Conjunto de las Fuerzas Armadas de Ecuador, Jaime Vela, inform\u00f3 este lunes de que gestionan el retiro de la seguridad a la vicepresidenta y embajadora en Israel\u00a0Ver\u00f3nica Abad, suspendida el pasado s\u00e1bado por 150 d\u00edas por no haberse trasladado en el plazo indicado a Ankara como hab\u00eda dispuesto el Gobierno. Pese a [&hellip;]<\/p>\n","protected":false},"author":1,"featured_media":7661,"comment_status":"open","ping_status":"open","sticky":false,"template":"","format":"standard","meta":{"footnotes":""},"categories":[12],"tags":[],"_links":{"self":[{"href":"https:\/\/infozamoraec.com\/index.php\/wp-json\/wp\/v2\/posts\/7660"}],"collection":[{"href":"https:\/\/infozamoraec.com\/index.php\/wp-json\/wp\/v2\/posts"}],"about":[{"href":"https:\/\/infozamoraec.com\/index.php\/wp-json\/wp\/v2\/types\/post"}],"author":[{"embeddable":true,"href":"https:\/\/infozamoraec.com\/index.php\/wp-json\/wp\/v2\/users\/1"}],"replies":[{"embeddable":true,"href":"https:\/\/infozamoraec.com\/index.php\/wp-json\/wp\/v2\/comments?post=7660"}],"version-history":[{"count":1,"href":"https:\/\/infozamoraec.com\/index.php\/wp-json\/wp\/v2\/posts\/7660\/revisions"}],"predecessor-version":[{"id":7662,"href":"https:\/\/infozamoraec.com\/index.php\/wp-json\/wp\/v2\/posts\/7660\/revisions\/7662"}],"wp:featuredmedia":[{"embeddable":true,"href":"https:\/\/infozamoraec.com\/index.php\/wp-json\/wp\/v2\/media\/7661"}],"wp:attachment":[{"href":"https:\/\/infozamoraec.com\/index.php\/wp-json\/wp\/v2\/media?parent=7660"}],"wp:term":[{"taxonomy":"category","embeddable":true,"href":"https:\/\/infozamoraec.com\/index.php\/wp-json\/wp\/v2\/categories?post=7660"},{"taxonomy":"post_tag","embeddable":true,"href":"https:\/\/infozamoraec.com\/index.php\/wp-json\/wp\/v2\/tags?post=7660"}],"curies":[{"name":"wp","href":"https:\/\/api.w.org\/{rel}","templated":true}]}}