{"id":7640,"date":"2024-11-12T01:02:30","date_gmt":"2024-11-12T01:02:30","guid":{"rendered":"https:\/\/infozamoraec.com\/?p=7640"},"modified":"2024-11-12T01:02:30","modified_gmt":"2024-11-12T01:02:30","slug":"incendio-en-barrio-la-union-de-la-tenza-deja-una-persona-fallecida-y-una-vivienda-afectada","status":"publish","type":"post","link":"https:\/\/infozamoraec.com\/index.php\/2024\/11\/12\/incendio-en-barrio-la-union-de-la-tenza-deja-una-persona-fallecida-y-una-vivienda-afectada\/","title":{"rendered":"Incendio en Barrio la Uni\u00f3n de la Tenza deja una persona fallecida y una vivienda afectada."},"content":{"rendered":"<div class=\"xdj266r x11i5rnm xat24cr x1mh8g0r x1vvkbs x126k92a\">\n<div dir=\"auto\"><\/div>\n<\/div>\n<div class=\"x11i5rnm xat24cr x1mh8g0r x1vvkbs xtlvy1s x126k92a\">\n<div dir=\"auto\">Este 11 de noviembre de 2024, cerca de la 01 de ma\u00f1ana, se report\u00f3 un incendio estructural de gran magnitud en el barrio la Uni\u00f3n de la Tenza, perteneciente al Cant\u00f3n de Centinela del C\u00f3ndor, donde desafortunadamente perdi\u00f3 La vida una mujer nonagenaria.<\/div>\n<div dir=\"auto\"><\/div>\n<\/div>\n<div class=\"x11i5rnm xat24cr x1mh8g0r x1vvkbs xtlvy1s x126k92a\">\n<div dir=\"auto\">Seg\u00fan el parte policial, tras la alerta del ECU 911, personal de la Polic\u00eda Nacional acudi\u00f3 al sitio y se constat\u00f3 que una vivienda de construcci\u00f3n de madera con techo de zinc estaba siendo consumida por el fuego. Personal de Bomberos acudi\u00f3 al sitio y ayud\u00f3 a sofocar las llamas.<\/div>\n<div dir=\"auto\"><\/div>\n<\/div>\n<div class=\"x11i5rnm xat24cr x1mh8g0r x1vvkbs xtlvy1s x126k92a\">\n<div dir=\"auto\">Sin embargo, despu\u00e9s de controlar el incendio, se encontr\u00f3 que una persona de sexo femenino, de 90 a\u00f1os, Rosa M, S. que hab\u00eda fallecido.<\/div>\n<div dir=\"auto\"><\/div>\n<\/div>\n<div class=\"x11i5rnm xat24cr x1mh8g0r x1vvkbs xtlvy1s x126k92a\">\n<div dir=\"auto\">La causa del incendio a\u00fan se desconoce y se est\u00e1n realizando las investigaciones correspondientes. La Polic\u00eda Nacional del Ecuador est\u00e1 trabajando para esclarecer los hechos y brindar apoyo a las familias afectadas.<\/div>\n<\/div>\n","protected":false},"excerpt":{"rendered":"<p>Este 11 de noviembre de 2024, cerca de la 01 de ma\u00f1ana, se report\u00f3 un incendio estructural de gran magnitud en el barrio la Uni\u00f3n de la Tenza, perteneciente al Cant\u00f3n de Centinela del C\u00f3ndor, donde desafortunadamente perdi\u00f3 La vida una mujer nonagenaria. Seg\u00fan el parte policial, tras la alerta del ECU 911, personal de [&hellip;]<\/p>\n","protected":false},"author":1,"featured_media":7641,"comment_status":"open","ping_status":"open","sticky":false,"template":"","format":"standard","meta":{"footnotes":""},"categories":[9],"tags":[],"_links":{"self":[{"href":"https:\/\/infozamoraec.com\/index.php\/wp-json\/wp\/v2\/posts\/7640"}],"collection":[{"href":"https:\/\/infozamoraec.com\/index.php\/wp-json\/wp\/v2\/posts"}],"about":[{"href":"https:\/\/infozamoraec.com\/index.php\/wp-json\/wp\/v2\/types\/post"}],"author":[{"embeddable":true,"href":"https:\/\/infozamoraec.com\/index.php\/wp-json\/wp\/v2\/users\/1"}],"replies":[{"embeddable":true,"href":"https:\/\/infozamoraec.com\/index.php\/wp-json\/wp\/v2\/comments?post=7640"}],"version-history":[{"count":2,"href":"https:\/\/infozamoraec.com\/index.php\/wp-json\/wp\/v2\/posts\/7640\/revisions"}],"predecessor-version":[{"id":7643,"href":"https:\/\/infozamoraec.com\/index.php\/wp-json\/wp\/v2\/posts\/7640\/revisions\/7643"}],"wp:featuredmedia":[{"embeddable":true,"href":"https:\/\/infozamoraec.com\/index.php\/wp-json\/wp\/v2\/media\/7641"}],"wp:attachment":[{"href":"https:\/\/infozamoraec.com\/index.php\/wp-json\/wp\/v2\/media?parent=7640"}],"wp:term":[{"taxonomy":"category","embeddable":true,"href":"https:\/\/infozamoraec.com\/index.php\/wp-json\/wp\/v2\/categories?post=7640"},{"taxonomy":"post_tag","embeddable":true,"href":"https:\/\/infozamoraec.com\/index.php\/wp-json\/wp\/v2\/tags?post=7640"}],"curies":[{"name":"wp","href":"https:\/\/api.w.org\/{rel}","templated":true}]}}