{"id":7611,"date":"2024-11-08T21:37:44","date_gmt":"2024-11-08T21:37:44","guid":{"rendered":"https:\/\/infozamoraec.com\/?p=7611"},"modified":"2024-11-08T21:37:44","modified_gmt":"2024-11-08T21:37:44","slug":"la-delegacion-electoral-y-el-instituto-de-la-democracia-capacitaran-a-los-candidatos-de-las-organizaciones-politicas","status":"publish","type":"post","link":"https:\/\/infozamoraec.com\/index.php\/2024\/11\/08\/la-delegacion-electoral-y-el-instituto-de-la-democracia-capacitaran-a-los-candidatos-de-las-organizaciones-politicas\/","title":{"rendered":"La Delegaci\u00f3n Electoral y el Instituto de la Democracia capacitar\u00e1n a los candidatos de las organizaciones pol\u00edticas"},"content":{"rendered":"<p>Este viernes 8 de noviembre, en el cant\u00f3n de Zamora, se llev\u00f3 a cabo el taller \u201cHerramientas Estrat\u00e9gicas para el \u00c9xito Pol\u00edtico\u201d, dirigido a los candidatos y representante de las organizaciones pol\u00edticas, en el marco de las actividades que cumple el Instituto de la Democracia (IDD).<\/p>\n<p>Esta jornada formativa se desarroll\u00f3 en el sal\u00f3n auditorio de la Delegaci\u00f3n Provincial Electoral de Zamora Chinchipe, a partir de las 10:00, la misma que estuvo dirigida por funcionarios del Instituto de la Democracia.<\/p>\n<p>Con estas herramientas se busca ofrecer alternativas s\u00f3lidas que faciliten el \u00e9xito pol\u00edtico, que permitan a los candidatos posicionar sus mensajes, ideas y propuestas delineadas en sus planes de trabajo y proporcionar herramientas efectivas para su ejecuci\u00f3n.<\/p>\n","protected":false},"excerpt":{"rendered":"<p>Este viernes 8 de noviembre, en el cant\u00f3n de Zamora, se llev\u00f3 a cabo el taller \u201cHerramientas Estrat\u00e9gicas para el \u00c9xito Pol\u00edtico\u201d, dirigido a los candidatos y representante de las organizaciones pol\u00edticas, en el marco de las actividades que cumple el Instituto de la Democracia (IDD). Esta jornada formativa se desarroll\u00f3 en el sal\u00f3n auditorio [&hellip;]<\/p>\n","protected":false},"author":1,"featured_media":7612,"comment_status":"open","ping_status":"open","sticky":false,"template":"","format":"standard","meta":{"footnotes":""},"categories":[9],"tags":[],"_links":{"self":[{"href":"https:\/\/infozamoraec.com\/index.php\/wp-json\/wp\/v2\/posts\/7611"}],"collection":[{"href":"https:\/\/infozamoraec.com\/index.php\/wp-json\/wp\/v2\/posts"}],"about":[{"href":"https:\/\/infozamoraec.com\/index.php\/wp-json\/wp\/v2\/types\/post"}],"author":[{"embeddable":true,"href":"https:\/\/infozamoraec.com\/index.php\/wp-json\/wp\/v2\/users\/1"}],"replies":[{"embeddable":true,"href":"https:\/\/infozamoraec.com\/index.php\/wp-json\/wp\/v2\/comments?post=7611"}],"version-history":[{"count":2,"href":"https:\/\/infozamoraec.com\/index.php\/wp-json\/wp\/v2\/posts\/7611\/revisions"}],"predecessor-version":[{"id":7614,"href":"https:\/\/infozamoraec.com\/index.php\/wp-json\/wp\/v2\/posts\/7611\/revisions\/7614"}],"wp:featuredmedia":[{"embeddable":true,"href":"https:\/\/infozamoraec.com\/index.php\/wp-json\/wp\/v2\/media\/7612"}],"wp:attachment":[{"href":"https:\/\/infozamoraec.com\/index.php\/wp-json\/wp\/v2\/media?parent=7611"}],"wp:term":[{"taxonomy":"category","embeddable":true,"href":"https:\/\/infozamoraec.com\/index.php\/wp-json\/wp\/v2\/categories?post=7611"},{"taxonomy":"post_tag","embeddable":true,"href":"https:\/\/infozamoraec.com\/index.php\/wp-json\/wp\/v2\/tags?post=7611"}],"curies":[{"name":"wp","href":"https:\/\/api.w.org\/{rel}","templated":true}]}}