{"id":7561,"date":"2024-11-07T02:58:52","date_gmt":"2024-11-07T02:58:52","guid":{"rendered":"https:\/\/infozamoraec.com\/?p=7561"},"modified":"2024-11-07T02:58:52","modified_gmt":"2024-11-07T02:58:52","slug":"cuba-preve-apagones-simultaneos-en-casi-la-mitad-del-pais","status":"publish","type":"post","link":"https:\/\/infozamoraec.com\/index.php\/2024\/11\/07\/cuba-preve-apagones-simultaneos-en-casi-la-mitad-del-pais\/","title":{"rendered":"Cuba prev\u00e9 apagones simult\u00e1neos en casi la mitad del pa\u00eds"},"content":{"rendered":"<p><a class=\"internal-link\" href=\"https:\/\/www.dw.com\/es\/mayor%C3%ADa-de-la-asamblea-general-pide-fin-al-embargo-contra-cuba\/a-70644689\" target=\"_blank\" rel=\"noopener\">Cuba<\/a>\u00a0sufrir\u00e1 apagones simult\u00e1neos en hasta el 47 % del pa\u00eds este mi\u00e9rcoles (06.11.2024), una de las mayores tasas de este a\u00f1o, seg\u00fan el informe diario de la estatal Uni\u00f3n El\u00e9ctrica (UNE), que no cita afectaciones por el paso del hurac\u00e1n\u00a0<a class=\"internal-link\" href=\"https:\/\/www.dw.com\/es\/rafael-se-convierte-en-hurac%C3%A1n-en-camino-a-cuba\/a-70705888\" target=\"_blank\" rel=\"noopener\">Rafael<\/a>.<\/p>\n<p>La carencia de combustible -fruto de la falta de divisas para importarlo- y las aver\u00edas en las obsoletas centrales termoel\u00e9ctricas del pa\u00eds, con d\u00e9ficit de mantenimientos e inversiones, est\u00e1n detr\u00e1s de esta situaci\u00f3n, seg\u00fan los expertos.<\/p>\n<p>La\u00a0<a class=\"internal-link\" href=\"https:\/\/www.dw.com\/es\/en-cuba-seguimos-a-oscuras\/a-70570687\" target=\"_blank\" rel=\"noopener\">crisis energ\u00e9tica<\/a>\u00a0se ha agravado desde finales de agosto porque, adem\u00e1s del apag\u00f3n total que dej\u00f3 tres d\u00edas sin servicio el\u00e9ctrico a la isla a finales de octubre, la tasa de d\u00e9ficit pronosticado se ha situado a diario entre el 40 y el 51 %.<\/p>\n<p>Sin embargo, la afectaci\u00f3n real es en ocasiones a\u00fan mayor. Seg\u00fan la UNE, el d\u00e9ficit alcanz\u00f3 este martes los 1.750 megavatios (MW) en el horario de m\u00e1xima demanda, lo que supone una tasa por encima del 56 %.<\/p>\n<p>La UNE, adscrita al Ministerio de Energ\u00eda y Minas, estima para la tarde-noche de esta jornada una capacidad m\u00e1xima de generaci\u00f3n el\u00e9ctrica de 1.616 MW para una demanda que alcanzar\u00e1 los 2.900 MW.<\/p>\n<p>El d\u00e9ficit -la diferencia entre oferta y demanda- ser\u00e1 de 1.370 MW y la afectaci\u00f3n -los circuitos que se desconectar\u00e1n realmente- alcanzar\u00e1 los 1.284 MW durante la tarde-noche cuando aumenta la demanda de energ\u00eda.<\/p>\n<p>El informe de la UNE refiere que de las 20 unidades de generaci\u00f3n (distribuidas en las 7 centrales termoel\u00e9ctricas operativas del pa\u00eds) 5 est\u00e1n averiadas y 4 en mantenimiento. Adem\u00e1s, 78 centrales de generaci\u00f3n distribuida (motores y generadores a di\u00e9sel y fueloil)) y una patana (central flotante rentada) est\u00e1n fuera de servicio por falta de combustible.<\/p>\n<p>En esta precaria situaci\u00f3n, el Sistema El\u00e9ctrico Nacional (SEN) debe adem\u00e1s este mi\u00e9rcoles afrontar el paso del hurac\u00e1n Rafael, al menos con categor\u00eda 1 (de cinco) en la escala Saffir-Simpson, por el occidente de la isla.<\/p>\n<p>Se prev\u00e9 que afecte a m\u00e1s de 4 millones de personas, entre ellos los pobladores de La Habana, y que con fuertes vientos e intensas lluvias ponga en jaque al servicio el\u00e9ctrico.<\/p>\n<p>ct (efe, el diario de cuba)<\/p>\n","protected":false},"excerpt":{"rendered":"<p>Cuba\u00a0sufrir\u00e1 apagones simult\u00e1neos en hasta el 47 % del pa\u00eds este mi\u00e9rcoles (06.11.2024), una de las mayores tasas de este a\u00f1o, seg\u00fan el informe diario de la estatal Uni\u00f3n El\u00e9ctrica (UNE), que no cita afectaciones por el paso del hurac\u00e1n\u00a0Rafael. La carencia de combustible -fruto de la falta de divisas para importarlo- y las aver\u00edas [&hellip;]<\/p>\n","protected":false},"author":1,"featured_media":7562,"comment_status":"open","ping_status":"open","sticky":false,"template":"","format":"standard","meta":{"footnotes":""},"categories":[8],"tags":[],"_links":{"self":[{"href":"https:\/\/infozamoraec.com\/index.php\/wp-json\/wp\/v2\/posts\/7561"}],"collection":[{"href":"https:\/\/infozamoraec.com\/index.php\/wp-json\/wp\/v2\/posts"}],"about":[{"href":"https:\/\/infozamoraec.com\/index.php\/wp-json\/wp\/v2\/types\/post"}],"author":[{"embeddable":true,"href":"https:\/\/infozamoraec.com\/index.php\/wp-json\/wp\/v2\/users\/1"}],"replies":[{"embeddable":true,"href":"https:\/\/infozamoraec.com\/index.php\/wp-json\/wp\/v2\/comments?post=7561"}],"version-history":[{"count":1,"href":"https:\/\/infozamoraec.com\/index.php\/wp-json\/wp\/v2\/posts\/7561\/revisions"}],"predecessor-version":[{"id":7563,"href":"https:\/\/infozamoraec.com\/index.php\/wp-json\/wp\/v2\/posts\/7561\/revisions\/7563"}],"wp:featuredmedia":[{"embeddable":true,"href":"https:\/\/infozamoraec.com\/index.php\/wp-json\/wp\/v2\/media\/7562"}],"wp:attachment":[{"href":"https:\/\/infozamoraec.com\/index.php\/wp-json\/wp\/v2\/media?parent=7561"}],"wp:term":[{"taxonomy":"category","embeddable":true,"href":"https:\/\/infozamoraec.com\/index.php\/wp-json\/wp\/v2\/categories?post=7561"},{"taxonomy":"post_tag","embeddable":true,"href":"https:\/\/infozamoraec.com\/index.php\/wp-json\/wp\/v2\/tags?post=7561"}],"curies":[{"name":"wp","href":"https:\/\/api.w.org\/{rel}","templated":true}]}}