{"id":7555,"date":"2024-11-07T02:55:31","date_gmt":"2024-11-07T02:55:31","guid":{"rendered":"https:\/\/infozamoraec.com\/?p=7555"},"modified":"2024-11-07T02:55:31","modified_gmt":"2024-11-07T02:55:31","slug":"lula-espera-tener-una-relacion-civilizada-con-trump","status":"publish","type":"post","link":"https:\/\/infozamoraec.com\/index.php\/2024\/11\/07\/lula-espera-tener-una-relacion-civilizada-con-trump\/","title":{"rendered":"Lula espera tener una relaci\u00f3n \u00abcivilizada\u00bb con Trump"},"content":{"rendered":"<p>El presidente brasile\u00f1o,\u00a0<a class=\"internal-link\" href=\"https:\/\/www.dw.com\/es\/da-silva-luiz-in%C3%A1cio-lula\/t-37389505\" target=\"_blank\" rel=\"noopener\">Luiz In\u00e1cio Lula da Silva<\/a>, que la semana pasada manifest\u00f3 su preferencia por la candidata dem\u00f3crata en las elecciones presidenciales de\u00a0<a class=\"internal-link\" href=\"https:\/\/www.dw.com\/es\/estados-unidos\/t-17411942\" target=\"_blank\" rel=\"noopener\">Estados Unidos<\/a>,\u00a0<a class=\"internal-link\" href=\"https:\/\/www.dw.com\/es\/harris-kamala\/t-69753772\" target=\"_blank\" rel=\"noopener\">Kamala Harris<\/a>, afirm\u00f3 este mi\u00e9rcoles (06.11.2024) que espera tener una relaci\u00f3n \u00abcivilizada\u00bb con el vencedor, el republicano\u00a0<a class=\"internal-link\" href=\"https:\/\/www.dw.com\/es\/trump-donald\/t-19445010\" target=\"_blank\" rel=\"noopener\">Donald Trump<\/a>.<\/p>\n<p>\u00abNo conozco personalmente a Trump. Conozco el Trump por lo que dicen, por las noticias que leo sobre \u00e9l, por lo que ve en la televisi\u00f3n. Pero espero tener con \u00e9l la convivencia civilizada que ya tuve con (George W.) Bush, que era de su partido (Republicano)\u00bb, afirm\u00f3 el l\u00edder progresista brasile\u00f1o.<\/p>\n<p>Lula dijo que espera que su relaci\u00f3n con Trump sea similar a la que tambi\u00e9n tuvo con presidentes estadounidenses del partido Dem\u00f3crata con los que coincidi\u00f3 como jefe de Estado de Brasil, como Barack Obama y Joe Biden.<\/p>\n<p>\u00abEsa es la relaci\u00f3n que quiero establecer\u00bb, afirm\u00f3 Lula en una entrevista que concedi\u00f3 este mi\u00e9rcoles a la red de televisi\u00f3n RedeTV y en la que destac\u00f3 que las relaciones de los dos pa\u00edses son entre jefes de Estado, \u00abcada uno con intereses nacionales propios\u00bb, y no entre pol\u00edticos con diferencias ideol\u00f3gicas.<\/p>\n<p>Dijo igualmente que espera que Trump se preocupe en trabajar para que el mundo tenga paz.<\/p>\n<p>\u00abCuando surja un asunto sobre el que tengamos que conversar, lo haremos por tel\u00e9fono. Lo llamamos. Espero que esa sea la relaci\u00f3n\u00bb, asegur\u00f3.<\/p>\n<p>Lula, que a primera hora de este mi\u00e9rcoles felicit\u00f3 a Trump por su victoria, afirm\u00f3 en un mensaje en redes sociales que el mundo necesita de \u00abdi\u00e1logo y trabajo conjunto\u00bb para alcanzar \u00abpaz, desarrollo y prosperidad\u00bb.<\/p>\n<p>jc (efe, Canal UOL, Rede TV)<\/p>\n","protected":false},"excerpt":{"rendered":"<p>El presidente brasile\u00f1o,\u00a0Luiz In\u00e1cio Lula da Silva, que la semana pasada manifest\u00f3 su preferencia por la candidata dem\u00f3crata en las elecciones presidenciales de\u00a0Estados Unidos,\u00a0Kamala Harris, afirm\u00f3 este mi\u00e9rcoles (06.11.2024) que espera tener una relaci\u00f3n \u00abcivilizada\u00bb con el vencedor, el republicano\u00a0Donald Trump. \u00abNo conozco personalmente a Trump. Conozco el Trump por lo que dicen, por las [&hellip;]<\/p>\n","protected":false},"author":1,"featured_media":7556,"comment_status":"open","ping_status":"open","sticky":false,"template":"","format":"standard","meta":{"footnotes":""},"categories":[8],"tags":[],"_links":{"self":[{"href":"https:\/\/infozamoraec.com\/index.php\/wp-json\/wp\/v2\/posts\/7555"}],"collection":[{"href":"https:\/\/infozamoraec.com\/index.php\/wp-json\/wp\/v2\/posts"}],"about":[{"href":"https:\/\/infozamoraec.com\/index.php\/wp-json\/wp\/v2\/types\/post"}],"author":[{"embeddable":true,"href":"https:\/\/infozamoraec.com\/index.php\/wp-json\/wp\/v2\/users\/1"}],"replies":[{"embeddable":true,"href":"https:\/\/infozamoraec.com\/index.php\/wp-json\/wp\/v2\/comments?post=7555"}],"version-history":[{"count":1,"href":"https:\/\/infozamoraec.com\/index.php\/wp-json\/wp\/v2\/posts\/7555\/revisions"}],"predecessor-version":[{"id":7557,"href":"https:\/\/infozamoraec.com\/index.php\/wp-json\/wp\/v2\/posts\/7555\/revisions\/7557"}],"wp:featuredmedia":[{"embeddable":true,"href":"https:\/\/infozamoraec.com\/index.php\/wp-json\/wp\/v2\/media\/7556"}],"wp:attachment":[{"href":"https:\/\/infozamoraec.com\/index.php\/wp-json\/wp\/v2\/media?parent=7555"}],"wp:term":[{"taxonomy":"category","embeddable":true,"href":"https:\/\/infozamoraec.com\/index.php\/wp-json\/wp\/v2\/categories?post=7555"},{"taxonomy":"post_tag","embeddable":true,"href":"https:\/\/infozamoraec.com\/index.php\/wp-json\/wp\/v2\/tags?post=7555"}],"curies":[{"name":"wp","href":"https:\/\/api.w.org\/{rel}","templated":true}]}}