{"id":7530,"date":"2024-11-06T21:32:24","date_gmt":"2024-11-06T21:32:24","guid":{"rendered":"https:\/\/infozamoraec.com\/?p=7530"},"modified":"2024-11-06T21:32:24","modified_gmt":"2024-11-06T21:32:24","slug":"ivonne-baki-amiga-personal-de-trump-deja-la-embajada-en-paris","status":"publish","type":"post","link":"https:\/\/infozamoraec.com\/index.php\/2024\/11\/06\/ivonne-baki-amiga-personal-de-trump-deja-la-embajada-en-paris\/","title":{"rendered":"Ivonne Baki, amiga personal de Trump, deja la embajada en Par\u00eds"},"content":{"rendered":"<p>Mediante el decreto ejecutivo n\u00famero 449, firmado hoy, 6 de noviembre de 2024, el presidente Daniel Noboa agradeci\u00f3 a Ivonne Baki por los servicios prestados en la Embajada ecuatoriana en Francia.<\/p>\n<p>De este modo, di\u00f3 por terminadas sus funciones como embajadora extraordinaria y plenipotenciaria de la Rep\u00fablica del ecuador ante el Gobierno de la Rep\u00fablica Francesa. Baki fue removida del cargo oficlamente por el Ministerio de Relaciones Exteriores y Movilidad Humana a quein Noboa encarg\u00f3 la ejecuci\u00f3n de dicho decreto, el cual entra en vigencia desde su suscripci\u00f3n.<\/p>\n<p>Baki ejerc\u00eda sus labores de embajadora en Par\u00eds desde el 8 de febrero de 2024. Curiosamente, antes de trasladarse en Par\u00eds, se desempe\u00f1aba como embajadora de Ecuador en Washington.<\/p>\n<p>Ivonne Baki tiene una trayectoria de d\u00e9cadas en la Diplomacia. En la Embajada de Estados Unidos estuvo desde el Gobierno de Moreno, luego de Lasso y finalmente de Noboa.<\/p>\n<p>La victoria de Donald Trump podr\u00eda ser un indicio de la salida de la embajadora de la sede parisina, pues podr\u00edan transferirla a Washington nuevamente para fortalecer la relaci\u00f3n con el pr\u00f3ximo mandatario.<\/p>\n<div>\n<div>\n<div class=\"trv-player-container\">\n<div class=\"trv-wrapper\">\n<div id=\"br_video_player_26b73c44ea159207203b03846b9c11c1c223d532\" class=\"trvd_video_player\">\n<div class=\"media-player\">\n<div class=\"trv-video\">\n<div id=\"truvid_ima_container62362\" class=\"truvid_ima_container trv-ima-container-hidden\"><\/div>\n<\/div>\n<\/div>\n<\/div>\n<\/div>\n<\/div>\n<\/div>\n<\/div>\n","protected":false},"excerpt":{"rendered":"<p>Mediante el decreto ejecutivo n\u00famero 449, firmado hoy, 6 de noviembre de 2024, el presidente Daniel Noboa agradeci\u00f3 a Ivonne Baki por los servicios prestados en la Embajada ecuatoriana en Francia. De este modo, di\u00f3 por terminadas sus funciones como embajadora extraordinaria y plenipotenciaria de la Rep\u00fablica del ecuador ante el Gobierno de la Rep\u00fablica [&hellip;]<\/p>\n","protected":false},"author":1,"featured_media":7531,"comment_status":"open","ping_status":"open","sticky":false,"template":"","format":"standard","meta":{"footnotes":""},"categories":[12],"tags":[],"_links":{"self":[{"href":"https:\/\/infozamoraec.com\/index.php\/wp-json\/wp\/v2\/posts\/7530"}],"collection":[{"href":"https:\/\/infozamoraec.com\/index.php\/wp-json\/wp\/v2\/posts"}],"about":[{"href":"https:\/\/infozamoraec.com\/index.php\/wp-json\/wp\/v2\/types\/post"}],"author":[{"embeddable":true,"href":"https:\/\/infozamoraec.com\/index.php\/wp-json\/wp\/v2\/users\/1"}],"replies":[{"embeddable":true,"href":"https:\/\/infozamoraec.com\/index.php\/wp-json\/wp\/v2\/comments?post=7530"}],"version-history":[{"count":1,"href":"https:\/\/infozamoraec.com\/index.php\/wp-json\/wp\/v2\/posts\/7530\/revisions"}],"predecessor-version":[{"id":7532,"href":"https:\/\/infozamoraec.com\/index.php\/wp-json\/wp\/v2\/posts\/7530\/revisions\/7532"}],"wp:featuredmedia":[{"embeddable":true,"href":"https:\/\/infozamoraec.com\/index.php\/wp-json\/wp\/v2\/media\/7531"}],"wp:attachment":[{"href":"https:\/\/infozamoraec.com\/index.php\/wp-json\/wp\/v2\/media?parent=7530"}],"wp:term":[{"taxonomy":"category","embeddable":true,"href":"https:\/\/infozamoraec.com\/index.php\/wp-json\/wp\/v2\/categories?post=7530"},{"taxonomy":"post_tag","embeddable":true,"href":"https:\/\/infozamoraec.com\/index.php\/wp-json\/wp\/v2\/tags?post=7530"}],"curies":[{"name":"wp","href":"https:\/\/api.w.org\/{rel}","templated":true}]}}