{"id":7526,"date":"2024-11-06T03:25:59","date_gmt":"2024-11-06T03:25:59","guid":{"rendered":"https:\/\/infozamoraec.com\/?p=7526"},"modified":"2024-11-06T03:25:59","modified_gmt":"2024-11-06T03:25:59","slug":"bolivia-fuerzas-de-seguridad-despejan-bloqueo-de-ruta-vital","status":"publish","type":"post","link":"https:\/\/infozamoraec.com\/index.php\/2024\/11\/06\/bolivia-fuerzas-de-seguridad-despejan-bloqueo-de-ruta-vital\/","title":{"rendered":"Bolivia: fuerzas de seguridad despejan bloqueo de ruta vital"},"content":{"rendered":"<p>Fuerzas del ej\u00e9rcito y la polic\u00eda despejaron este lunes (04.11.2024) una importante carretera en Santa Cruz, el departamento m\u00e1s rico de\u00a0<a class=\"internal-link\" href=\"https:\/\/www.dw.com\/es\/bolivia\/t-17411684\" target=\"_blank\" rel=\"noopener\">Bolivia<\/a>, que hab\u00eda sido tomada por partidarios del expresidente\u00a0<a class=\"internal-link\" href=\"https:\/\/www.dw.com\/es\/evo-morales\/t-17409405\" target=\"_blank\" rel=\"noopener\">Evo Morales<\/a>, investigado por presunto abuso a una menor en 2015.<\/p>\n<p>Con piedras, troncos y escombros, los evistas manten\u00edan en Mairana uno de los m\u00e1s importantes puntos de bloqueo desde que se iniciaron las protestas hace 22 d\u00edas.<\/p>\n<p>\u00abMairana acaba de ser liberada por un operativo conjunto de las fuerzas del orden\u00bb, anunci\u00f3 el ministro de Gobierno, Eduardo del Castillo. \u00abTenemos al menos 10 personas detenidas\u00bb, agreg\u00f3 en su p\u00e1gina de Facebook.<\/p>\n<h2>Desalojo dej\u00f3 17 detenidos en Mairana<\/h2>\n<p>Al menos 17 personas fueron detenidas en el operativo de Mairana, incluido el concejal evista Gilbert Tapia, inform\u00f3 el diario local El Deber.<\/p>\n<p>Todos los aprehendidos \u00abest\u00e1n siendo trasladados desde la capital cruce\u00f1a a la ciudad de La Paz\u00a0para ser puestos ante un juez cautelar, quien definir\u00e1 su situaci\u00f3n jur\u00eddica\u00bb, agreg\u00f3 el diario.<\/p>\n<p>Los efectivos ingresaron el lunes sin dificultades al peque\u00f1o centro poblado, que se encuentra en medio de la ruta utilizada por las empresas agroindustriales cruce\u00f1as para llevar sus productos hacia La Paz y los puertos del oc\u00e9ano Pac\u00edfico.<\/p>\n<p>Luego del desalojo de los manifestantes, ingres\u00f3 maquinaria pesada para remover los obst\u00e1culos que imped\u00edan el tr\u00e1nsito vehicular. jc (efe, El Deber, Br\u00fajula Digital)<\/p>\n","protected":false},"excerpt":{"rendered":"<p>Fuerzas del ej\u00e9rcito y la polic\u00eda despejaron este lunes (04.11.2024) una importante carretera en Santa Cruz, el departamento m\u00e1s rico de\u00a0Bolivia, que hab\u00eda sido tomada por partidarios del expresidente\u00a0Evo Morales, investigado por presunto abuso a una menor en 2015. Con piedras, troncos y escombros, los evistas manten\u00edan en Mairana uno de los m\u00e1s importantes puntos [&hellip;]<\/p>\n","protected":false},"author":1,"featured_media":7527,"comment_status":"open","ping_status":"open","sticky":false,"template":"","format":"standard","meta":{"footnotes":""},"categories":[8],"tags":[],"_links":{"self":[{"href":"https:\/\/infozamoraec.com\/index.php\/wp-json\/wp\/v2\/posts\/7526"}],"collection":[{"href":"https:\/\/infozamoraec.com\/index.php\/wp-json\/wp\/v2\/posts"}],"about":[{"href":"https:\/\/infozamoraec.com\/index.php\/wp-json\/wp\/v2\/types\/post"}],"author":[{"embeddable":true,"href":"https:\/\/infozamoraec.com\/index.php\/wp-json\/wp\/v2\/users\/1"}],"replies":[{"embeddable":true,"href":"https:\/\/infozamoraec.com\/index.php\/wp-json\/wp\/v2\/comments?post=7526"}],"version-history":[{"count":1,"href":"https:\/\/infozamoraec.com\/index.php\/wp-json\/wp\/v2\/posts\/7526\/revisions"}],"predecessor-version":[{"id":7528,"href":"https:\/\/infozamoraec.com\/index.php\/wp-json\/wp\/v2\/posts\/7526\/revisions\/7528"}],"wp:featuredmedia":[{"embeddable":true,"href":"https:\/\/infozamoraec.com\/index.php\/wp-json\/wp\/v2\/media\/7527"}],"wp:attachment":[{"href":"https:\/\/infozamoraec.com\/index.php\/wp-json\/wp\/v2\/media?parent=7526"}],"wp:term":[{"taxonomy":"category","embeddable":true,"href":"https:\/\/infozamoraec.com\/index.php\/wp-json\/wp\/v2\/categories?post=7526"},{"taxonomy":"post_tag","embeddable":true,"href":"https:\/\/infozamoraec.com\/index.php\/wp-json\/wp\/v2\/tags?post=7526"}],"curies":[{"name":"wp","href":"https:\/\/api.w.org\/{rel}","templated":true}]}}