{"id":7520,"date":"2024-11-06T03:22:29","date_gmt":"2024-11-06T03:22:29","guid":{"rendered":"https:\/\/infozamoraec.com\/?p=7520"},"modified":"2024-11-06T03:26:28","modified_gmt":"2024-11-06T03:26:28","slug":"rafael-se-convierte-en-huracan-en-camino-a-cuba","status":"publish","type":"post","link":"https:\/\/infozamoraec.com\/index.php\/2024\/11\/06\/rafael-se-convierte-en-huracan-en-camino-a-cuba\/","title":{"rendered":"Rafael se convierte en hurac\u00e1n en camino a Cuba"},"content":{"rendered":"<p>La tormenta tropical Rafael se convirti\u00f3 este martes (05.11.2024) en hurac\u00e1n y se dirige hacia las costas de Cuba, golpeadas hace dos semanas por el cicl\u00f3n Oscar en medio de un apag\u00f3n general y donde ya inici\u00f3 la evacuaci\u00f3n de miles de personas.<\/p>\n<p>\u00abRafael se elev\u00f3 a hurac\u00e1n\u00bb, indic\u00f3 en su cuenta de X el estadounidense Centro Nacional de Huracanes (NHC), basado en Miami, que pronostic\u00f3 que el fen\u00f3meno meteorol\u00f3gico podr\u00eda tocar Cuba este mi\u00e9rcoles.<\/p>\n<p>Rafael se intensific\u00f3 y alcanz\u00f3 la categor\u00eda 1 en la escala Saffir-Simpson, mientras se aproxima a las Islas Caim\u00e1n y Cuba, con vientos m\u00e1ximos sostenidos de 120 kil\u00f3metros por hora, y se halla a unos 35 kil\u00f3metros al sureste de Grand Cayman y 495 kil\u00f3metros al sur-sureste de La Habana (Cuba), seg\u00fan una actualizaci\u00f3n del NHC.<\/p>\n<p>El sistema ha merecido alertas de hurac\u00e1n para las caribe\u00f1as Islas Caim\u00e1n y varias provincias del oeste de Cuba.<\/p>\n<p>El centro meteorol\u00f3gico se\u00f1al\u00f3 que el sistema se desplaza r\u00e1pidamente hacia el noroeste con una velocidad de traslaci\u00f3n de 24 kil\u00f3metros por hora.<\/p>\n<p>Seg\u00fan un probable patr\u00f3n de trayectoria, Rafael se mover\u00e1 esta noche cerca de las Islas Caim\u00e1n para situarse cerca del oeste de Cuba el mi\u00e9rcoles.<\/p>\n<p>A continuaci\u00f3n, Rafael enfilar\u00e1 hacia el sureste del Golfo de M\u00e9xico.<\/p>\n<div class=\"render-container rich-text-ad\"><\/div>\n<h2>Cuba inici\u00f3 evacuaciones<\/h2>\n<p>En Cuba, las autoridades ordenaron evacuar a miles de personas ante la llegada este mi\u00e9rcoles del hurac\u00e1n Rafael a las provincias occidentales y centrales, que est\u00e1n en \u00abalerta\u00bb para hacer frente al fen\u00f3meno meteorol\u00f3gico, que previsiblemente atravesar\u00e1 la isla de sur a norte en las pr\u00f3ximas horas.<\/p>\n<p>Entre las medidas adoptadas por las autoridades cubanas ante esta nueva contingencia meteorol\u00f3gica, el Ministerio de Educaci\u00f3n suspendi\u00f3 las actividades escolares, y el de Transportes cancel\u00f3 los viajes de autobuses y trenes interprovinciales.<\/p>\n<p>Tambi\u00e9n se suspendieron el servicio y las operaciones en los aeropuertos de la zona oeste en Isla de la Juventud, La Habana y los centros tur\u00edsticos Cayo Largo del Sur y Varadero.<\/p>\n<p>Rafael ocasionar\u00e1 una marejada cicl\u00f3nica de hasta 3 pies (cerca de un metro) por encima del nivel habitual del mar en partes de las Islas Caim\u00e1n y de hasta unos 2,5 metros a lo largo de la costa sur de Cuba, incluida la isla de la Juventud.<\/p>\n<p>El NHC tambi\u00e9n alerta de las fuertes lluvias que traer\u00e1 la tormenta para \u00e1reas del Caribe occidental hasta la madrugada del jueves, particularmente en Jamaica, las Islas Caim\u00e1n y el oeste de Cuba.<\/p>\n<p>jc (afp, efe)<\/p>\n","protected":false},"excerpt":{"rendered":"<p>La tormenta tropical Rafael se convirti\u00f3 este martes (05.11.2024) en hurac\u00e1n y se dirige hacia las costas de Cuba, golpeadas hace dos semanas por el cicl\u00f3n Oscar en medio de un apag\u00f3n general y donde ya inici\u00f3 la evacuaci\u00f3n de miles de personas. \u00abRafael se elev\u00f3 a hurac\u00e1n\u00bb, indic\u00f3 en su cuenta de X el [&hellip;]<\/p>\n","protected":false},"author":1,"featured_media":7521,"comment_status":"open","ping_status":"open","sticky":false,"template":"","format":"standard","meta":{"footnotes":""},"categories":[8],"tags":[],"_links":{"self":[{"href":"https:\/\/infozamoraec.com\/index.php\/wp-json\/wp\/v2\/posts\/7520"}],"collection":[{"href":"https:\/\/infozamoraec.com\/index.php\/wp-json\/wp\/v2\/posts"}],"about":[{"href":"https:\/\/infozamoraec.com\/index.php\/wp-json\/wp\/v2\/types\/post"}],"author":[{"embeddable":true,"href":"https:\/\/infozamoraec.com\/index.php\/wp-json\/wp\/v2\/users\/1"}],"replies":[{"embeddable":true,"href":"https:\/\/infozamoraec.com\/index.php\/wp-json\/wp\/v2\/comments?post=7520"}],"version-history":[{"count":1,"href":"https:\/\/infozamoraec.com\/index.php\/wp-json\/wp\/v2\/posts\/7520\/revisions"}],"predecessor-version":[{"id":7522,"href":"https:\/\/infozamoraec.com\/index.php\/wp-json\/wp\/v2\/posts\/7520\/revisions\/7522"}],"wp:featuredmedia":[{"embeddable":true,"href":"https:\/\/infozamoraec.com\/index.php\/wp-json\/wp\/v2\/media\/7521"}],"wp:attachment":[{"href":"https:\/\/infozamoraec.com\/index.php\/wp-json\/wp\/v2\/media?parent=7520"}],"wp:term":[{"taxonomy":"category","embeddable":true,"href":"https:\/\/infozamoraec.com\/index.php\/wp-json\/wp\/v2\/categories?post=7520"},{"taxonomy":"post_tag","embeddable":true,"href":"https:\/\/infozamoraec.com\/index.php\/wp-json\/wp\/v2\/tags?post=7520"}],"curies":[{"name":"wp","href":"https:\/\/api.w.org\/{rel}","templated":true}]}}