{"id":7517,"date":"2024-11-06T03:17:23","date_gmt":"2024-11-06T03:17:23","guid":{"rendered":"https:\/\/infozamoraec.com\/?p=7517"},"modified":"2024-11-06T03:17:23","modified_gmt":"2024-11-06T03:17:23","slug":"a-veces-uno-ya-quiere-parar-dice-daniel-noboa-en-santo-domingo","status":"publish","type":"post","link":"https:\/\/infozamoraec.com\/index.php\/2024\/11\/06\/a-veces-uno-ya-quiere-parar-dice-daniel-noboa-en-santo-domingo\/","title":{"rendered":"A veces \u2018uno ya quiere parar\u2019 dice Daniel Noboa en Santo Domingo"},"content":{"rendered":"<p>En un corto discurso de siete minutos, el presidente Daniel Noboa, salud\u00f3 a Santo Domingo de los Ts\u00e1chilas durante la sesi\u00f3n solemne por los 17 a\u00f1os de provincializaci\u00f3n de la localidad, que se realiz\u00f3 este 5 de noviembre de 2024. En su intervenci\u00f3n se refiri\u00f3 a los ataques e insultos de sus opositores a quienes califica como \u201cel viejo pa\u00eds\u201d.<\/p>\n<p>El mandatario dijo que a veces ha pensado en \u201cparar\u201d ante los ataques y atribuy\u00f3 a que las cr\u00edticas buscan que \u201cviejas figuras\u201d vuelvan para controlar la sociedad y enriquecerse.<\/p>\n<p>\u201cHay momentos en el que uno ya quiere parar, ya quiere dejar de soportar tanto ataque, tanto insulto, de ese viejo pa\u00eds y de esas viejas figuras que lo \u00fanico que quieren es que el pa\u00eds vuelva a estar sumergido en corrupci\u00f3n, violencia y desigualdad, que los j\u00f3venes no tengan oportunidades, que solo ellos tengan la capacidad de enriquecerse y de controlar una sociedad que ya las neg\u00f3 a ellos el voto y que les va a volver a negar el voto\u201d, manifest\u00f3.<\/p>\n<p>Seg\u00fan Noboa, sus opositores tambi\u00e9n han intentado apropiarse de la creaci\u00f3n de la nueva universidad de Santo Domingo. Lo hizo luego de agradecer a la Secretar\u00eda Nacional de Educaci\u00f3n Superior, Ciencia y Tecnolog\u00eda (Senescyt) y a la asamble\u00edsta gobiernista Yadira Bayas.<\/p>\n<p>\u201cNo deja que se lleven el cr\u00e9dito personas que estaban en contra de la Universidad de Santo Domingo, pero ustedes tienen memoria y recuerdan qui\u00e9nes han querido esa universidad aqu\u00ed y quienes no\u201d, expres\u00f3. Esto porque la ahora presidenta de la Asamblea Nacional, Viviana Veloz, ha se\u00f1alado que dar\u00e1 prioridad al proyecto de ley para la creaci\u00f3n de ese establecimiento de educaci\u00f3n superior.<\/p>\n<p>El mandatario dirigi\u00f3 la mayor parte de su discurso a los j\u00f3venes, a quienes califica como base de su proyecto pol\u00edtico.<\/p>\n<p>Adem\u00e1s, ante las autoridades locales mencion\u00f3 que ha entregado veh\u00edculos brindados y armamento a la Polic\u00eda Nacional para reducir la violencia. Asegur\u00f3 que ello ha permitido que Santo Domingo tenga la mayor reducci\u00f3n de violencia y homicidios con 67%, aunque no detall\u00f3 cifras para contrastar ese dato.<\/p>\n<p>Tambi\u00e9n se\u00f1al\u00f3 que entreg\u00f3 ambulancias en hospitales, bonos para combatir desnutrici\u00f3n infantil, becas de la Senescyt y tres puentes para la conexi\u00f3n entre la Sierra y la Costa del pa\u00eds.<\/p>\n","protected":false},"excerpt":{"rendered":"<p>En un corto discurso de siete minutos, el presidente Daniel Noboa, salud\u00f3 a Santo Domingo de los Ts\u00e1chilas durante la sesi\u00f3n solemne por los 17 a\u00f1os de provincializaci\u00f3n de la localidad, que se realiz\u00f3 este 5 de noviembre de 2024. En su intervenci\u00f3n se refiri\u00f3 a los ataques e insultos de sus opositores a quienes [&hellip;]<\/p>\n","protected":false},"author":1,"featured_media":7518,"comment_status":"open","ping_status":"open","sticky":false,"template":"","format":"standard","meta":{"footnotes":""},"categories":[12],"tags":[],"_links":{"self":[{"href":"https:\/\/infozamoraec.com\/index.php\/wp-json\/wp\/v2\/posts\/7517"}],"collection":[{"href":"https:\/\/infozamoraec.com\/index.php\/wp-json\/wp\/v2\/posts"}],"about":[{"href":"https:\/\/infozamoraec.com\/index.php\/wp-json\/wp\/v2\/types\/post"}],"author":[{"embeddable":true,"href":"https:\/\/infozamoraec.com\/index.php\/wp-json\/wp\/v2\/users\/1"}],"replies":[{"embeddable":true,"href":"https:\/\/infozamoraec.com\/index.php\/wp-json\/wp\/v2\/comments?post=7517"}],"version-history":[{"count":1,"href":"https:\/\/infozamoraec.com\/index.php\/wp-json\/wp\/v2\/posts\/7517\/revisions"}],"predecessor-version":[{"id":7519,"href":"https:\/\/infozamoraec.com\/index.php\/wp-json\/wp\/v2\/posts\/7517\/revisions\/7519"}],"wp:featuredmedia":[{"embeddable":true,"href":"https:\/\/infozamoraec.com\/index.php\/wp-json\/wp\/v2\/media\/7518"}],"wp:attachment":[{"href":"https:\/\/infozamoraec.com\/index.php\/wp-json\/wp\/v2\/media?parent=7517"}],"wp:term":[{"taxonomy":"category","embeddable":true,"href":"https:\/\/infozamoraec.com\/index.php\/wp-json\/wp\/v2\/categories?post=7517"},{"taxonomy":"post_tag","embeddable":true,"href":"https:\/\/infozamoraec.com\/index.php\/wp-json\/wp\/v2\/tags?post=7517"}],"curies":[{"name":"wp","href":"https:\/\/api.w.org\/{rel}","templated":true}]}}