{"id":7514,"date":"2024-11-06T03:15:52","date_gmt":"2024-11-06T03:15:52","guid":{"rendered":"https:\/\/infozamoraec.com\/?p=7514"},"modified":"2024-11-06T03:15:52","modified_gmt":"2024-11-06T03:15:52","slug":"topic-pide-consensuar-los-horarios-de-los-apagones","status":"publish","type":"post","link":"https:\/\/infozamoraec.com\/index.php\/2024\/11\/06\/topic-pide-consensuar-los-horarios-de-los-apagones\/","title":{"rendered":"Topic pide consensuar los horarios de los apagones"},"content":{"rendered":"<p>El candidato a la Presidencia por el movimiento\u00a0<strong>SUMA<\/strong>,\u00a0<strong><a title=\"\" href=\"https:\/\/www.larepublica.ec\/blog\/2024\/11\/01\/desde-la-playa-jan-topic-pide-impulsar-el-turismo\/\" target=\"_blank\" rel=\"noopener\">Jan Topic<\/a><\/strong>, pidi\u00f3 este lunes que el Gobierno llegue a un consenso acerca de los horarios de los cortes el\u00e9ctricos con los diferentes sectores de la poblaci\u00f3n ecuatoriana.<\/p>\n<p>En una publicaci\u00f3n de X, el pol\u00edtico pidi\u00f3 un proceso de consenso acerca de los cortes el\u00e9ctricos que atraviesa el pa\u00eds, que vive una crisis energ\u00e9tica debido a la falta de lluvias.<strong>\u00a0\u00abExhortamos a todas las autoridades a que se re\u00fanan con todos los gremios productivos del Ecuador y consensuemos los horarios de apagones\u00bb<\/strong>, dijo el experto en seguridad.<\/p>\n<p>Topic asegura que un horario definido para los cortes el\u00e9ctricos ahorrar\u00eda la misma cantidad de energ\u00eda y perjudicar\u00eda menos a los sectores productivos del pa\u00eds.\u00a0<strong>\u00abNo podemos permitir que nuestra econom\u00eda se derrumbe a\u00fan m\u00e1s\u00bb<\/strong>, dijo.<\/p>\n","protected":false},"excerpt":{"rendered":"<p>El candidato a la Presidencia por el movimiento\u00a0SUMA,\u00a0Jan Topic, pidi\u00f3 este lunes que el Gobierno llegue a un consenso acerca de los horarios de los cortes el\u00e9ctricos con los diferentes sectores de la poblaci\u00f3n ecuatoriana. En una publicaci\u00f3n de X, el pol\u00edtico pidi\u00f3 un proceso de consenso acerca de los cortes el\u00e9ctricos que atraviesa el [&hellip;]<\/p>\n","protected":false},"author":1,"featured_media":7515,"comment_status":"open","ping_status":"open","sticky":false,"template":"","format":"standard","meta":{"footnotes":""},"categories":[12],"tags":[],"_links":{"self":[{"href":"https:\/\/infozamoraec.com\/index.php\/wp-json\/wp\/v2\/posts\/7514"}],"collection":[{"href":"https:\/\/infozamoraec.com\/index.php\/wp-json\/wp\/v2\/posts"}],"about":[{"href":"https:\/\/infozamoraec.com\/index.php\/wp-json\/wp\/v2\/types\/post"}],"author":[{"embeddable":true,"href":"https:\/\/infozamoraec.com\/index.php\/wp-json\/wp\/v2\/users\/1"}],"replies":[{"embeddable":true,"href":"https:\/\/infozamoraec.com\/index.php\/wp-json\/wp\/v2\/comments?post=7514"}],"version-history":[{"count":1,"href":"https:\/\/infozamoraec.com\/index.php\/wp-json\/wp\/v2\/posts\/7514\/revisions"}],"predecessor-version":[{"id":7516,"href":"https:\/\/infozamoraec.com\/index.php\/wp-json\/wp\/v2\/posts\/7514\/revisions\/7516"}],"wp:featuredmedia":[{"embeddable":true,"href":"https:\/\/infozamoraec.com\/index.php\/wp-json\/wp\/v2\/media\/7515"}],"wp:attachment":[{"href":"https:\/\/infozamoraec.com\/index.php\/wp-json\/wp\/v2\/media?parent=7514"}],"wp:term":[{"taxonomy":"category","embeddable":true,"href":"https:\/\/infozamoraec.com\/index.php\/wp-json\/wp\/v2\/categories?post=7514"},{"taxonomy":"post_tag","embeddable":true,"href":"https:\/\/infozamoraec.com\/index.php\/wp-json\/wp\/v2\/tags?post=7514"}],"curies":[{"name":"wp","href":"https:\/\/api.w.org\/{rel}","templated":true}]}}